{"id":42180,"date":"2018-08-23T05:11:26","date_gmt":"2018-08-23T08:11:26","guid":{"rendered":"https:\/\/www.paulus.com.br\/portal\/?p=42180"},"modified":"2018-08-23T05:11:26","modified_gmt":"2018-08-23T08:11:26","slug":"a-familia-e-o-discernimento-vocacional-dos-jovens-parte-1","status":"publish","type":"post","link":"https:\/\/www.paulus.com.br\/portal\/a-familia-e-o-discernimento-vocacional-dos-jovens-parte-1\/","title":{"rendered":"A fam\u00edlia e o discernimento vocacional dos jovens (parte 1)"},"content":{"rendered":"<p style=\"font-weight: 400; text-align: justify;\">Ouvimos pais e m\u00e3es preocupados com o futuro de seus filhos, tentando entender o que eles querem \u201cda vida\u201d e que caminhos seguir\u00e3o como pessoas e profissionais. Diante de tantos desafios, muitas fam\u00edlias se sentem angustiadas e desiludidas. Outras, procuram \u201cencaminhar bem\u201d os filhos, na busca de uma profiss\u00e3o que lhes traga \u201csucesso\u201d. Mas, como ajudar os jovens a discernirem bem sua voca\u00e7\u00e3o, \u00e0 luz do Evangelho, para serem, de fato, felizes?<\/p>\n<p style=\"font-weight: 400; text-align: justify;\">Em outubro de 2018, a Igreja Cat\u00f3lica realiza o S\u00ednodo dos Jovens, com o tema \u201cOs jovens, a f\u00e9 e o discernimento vocacional\u201d. O objetivo \u00e9 refletir sobre o modo de acompanhar os jovens a reconhecer e a acolher a chamada ao amor e a vida em plenitude, e, tamb\u00e9m, pedir aos pr\u00f3prios jovens que ajudem a Igreja a identificar as modalidades mais eficazes para anunciar o Evangelho.<\/p>\n<p style=\"font-weight: 400; text-align: justify;\">O Instrumento de Trabalho do S\u00ednodo aponta para a voca\u00e7\u00e3o humana como voca\u00e7\u00e3o ao amor, que deve adquirir uma forma concreta na vida quotidiana, atrav\u00e9s de uma s\u00e9rie de escolhas que estruturam a condi\u00e7\u00e3o de vida. Os jovens s\u00e3o chamados ou para o matrim\u00f4nio, ou para o minist\u00e9rio ordenado ou ainda para a vida consagrada, mas tamb\u00e9m para exercerem sua voca\u00e7\u00e3o por meio de uma profiss\u00e3o, de modalidades de compromisso social e pol\u00edtico, de um estilo de vida, da gest\u00e3o do tempo e do dinheiro, etc.<\/p>\n<p style=\"font-weight: 400; text-align: justify;\">\u00c9 certo que os jovens, de forma consciente ou inconsciente, s\u00e3o chamados a fazerem escolhas. Esse processo est\u00e1 presente na vida de todos e todas. Para a Igreja, a finalidade do discernimento vocacional consiste em descobrir como transformar essas escolhas, \u00e0 luz da f\u00e9, em passos rumo \u00e0 plenitude da alegria \u00e0 qual todos n\u00f3s somos chamados. Dessa forma, o papel tanto da Igreja como da fam\u00edlia seria de contribuir com a juventude, acompanhando o amadurecimento da consci\u00eancia e de uma liberdade aut\u00eantica.<\/p>\n<p style=\"font-weight: 400; text-align: justify;\">\u00c9 importante, nesse processo, reconhecer que a juventude possui os dilemas pr\u00f3prios dessa fase da vida. Entre eles est\u00e3o o de formar uma identidade pessoal e social e o de escolher a profiss\u00e3o. N\u00e3o bastasse, a grande maioria ainda enfrenta os desafios de uma sociedade cada vez mais plural, hiperconectada e desigual.<\/p>\n<p style=\"font-weight: 400; text-align: justify;\">Esse acompanhamento deve ajudar os jovens a acolher a chamada para a alegria do Evangelho, sobretudo nesta \u00e9poca marcada pela incerteza, precariedade e inseguran\u00e7a. Ser\u00e1 preciso caminhar com eles, valorizando seu protagonismo nos diversos \u00e2mbitos da vida (cotidiano, compromisso social, pastoral e mundo digital).<\/p>\n","protected":false},"excerpt":{"rendered":"<p>Ouvimos pais e m\u00e3es preocupados com o futuro de seus filhos, tentando entender o que eles querem \u201cda vida\u201d e que caminhos seguir\u00e3o como pessoas e profissionais. Diante de tantos desafios, muitas fam\u00edlias se sentem angustiadas e desiludidas. Outras, procuram \u201cencaminhar bem\u201d os filhos, na busca de uma profiss\u00e3o que lhes traga \u201csucesso\u201d. Mas, como [&hellip;]<\/p>\n","protected":false},"author":19,"featured_media":0,"comment_status":"open","ping_status":"open","sticky":false,"template":"","format":"standard","meta":{"_acf_changed":false,"footnotes":""},"categories":[356],"tags":[],"class_list":["post-42180","post","type-post","status-publish","format-standard","hentry","category-colunista"],"acf":[],"aioseo_notices":[],"_links":{"self":[{"href":"https:\/\/www.paulus.com.br\/portal\/wp-json\/wp\/v2\/posts\/42180","targetHints":{"allow":["GET"]}}],"collection":[{"href":"https:\/\/www.paulus.com.br\/portal\/wp-json\/wp\/v2\/posts"}],"about":[{"href":"https:\/\/www.paulus.com.br\/portal\/wp-json\/wp\/v2\/types\/post"}],"author":[{"embeddable":true,"href":"https:\/\/www.paulus.com.br\/portal\/wp-json\/wp\/v2\/users\/19"}],"replies":[{"embeddable":true,"href":"https:\/\/www.paulus.com.br\/portal\/wp-json\/wp\/v2\/comments?post=42180"}],"version-history":[{"count":1,"href":"https:\/\/www.paulus.com.br\/portal\/wp-json\/wp\/v2\/posts\/42180\/revisions"}],"predecessor-version":[{"id":42181,"href":"https:\/\/www.paulus.com.br\/portal\/wp-json\/wp\/v2\/posts\/42180\/revisions\/42181"}],"wp:attachment":[{"href":"https:\/\/www.paulus.com.br\/portal\/wp-json\/wp\/v2\/media?parent=42180"}],"wp:term":[{"taxonomy":"category","embeddable":true,"href":"https:\/\/www.paulus.com.br\/portal\/wp-json\/wp\/v2\/categories?post=42180"},{"taxonomy":"post_tag","embeddable":true,"href":"https:\/\/www.paulus.com.br\/portal\/wp-json\/wp\/v2\/tags?post=42180"}],"curies":[{"name":"wp","href":"https:\/\/api.w.org\/{rel}","templated":true}]}}