{"id":41700,"date":"2018-07-24T02:09:34","date_gmt":"2018-07-24T05:09:34","guid":{"rendered":"https:\/\/www.paulus.com.br\/portal\/?p=41700"},"modified":"2018-07-24T02:09:34","modified_gmt":"2018-07-24T05:09:34","slug":"em-que-consiste-uma-assembleia-liturgica-crista","status":"publish","type":"post","link":"https:\/\/www.paulus.com.br\/portal\/em-que-consiste-uma-assembleia-liturgica-crista\/","title":{"rendered":"Em que Consiste uma Assembleia Lit\u00fargica Crist\u00e3?"},"content":{"rendered":"<p style=\"text-align: justify;\">O Pai celeste convoca e re\u00fane seus filhos e filhas para celebrar, por Cristo, com Cristo e em Cristo, os mist\u00e9rios da f\u00e9, movidos pelo Esp\u00edrito Santo. O Conc\u00edlio Vaticano II, no documento sobre a Sagrada Liturgia, afirma que \u201cnunca, depois do dia de Pentecostes, no qual apareceu ao mundo, a Igreja deixou de se reunir para celebrar o mist\u00e9rio pascal\u201d (SC 6).<\/p>\n<p style=\"text-align: justify;\">A comunidade dos primeiros crist\u00e3os e crist\u00e3s se reunia no primeiro dia da semana, o dia do Senhor (domingo). O livro dos Atos dos Ap\u00f3stolos faz refer\u00eancia \u00e0 comunidade de Tr\u00f4ade, reunida em assembleia: \u201cNo primeiro dia da semana, est\u00e1vamos reunidos para a fra\u00e7\u00e3o do p\u00e3o\u201d (At 16,2). Fra\u00e7\u00e3o do p\u00e3o corresponde a celebra\u00e7\u00e3o eucar\u00edstica.<\/p>\n<p style=\"text-align: justify;\">A <em>Didaqu\u00e9, <\/em>importante texto de catequese do final do I s\u00e9culo, apresenta um esbo\u00e7o sobre a assembleia lit\u00fargica crist\u00e3: \u201cRe\u00fanam-se no dia do Senhor para partir o p\u00e3o e agradecer, depois de ter confessado os pecados, para que o sacrif\u00edcio de voc\u00eas seja puro. Aquele que est\u00e1 de briga com seu companheiro, n\u00e3o poder\u00e1 juntar-se a voc\u00eas antes de se ter reconciliado, para que o sacrif\u00edcio que voc\u00eas oferecem n\u00e3o seja profanado\u201d (14).<\/p>\n<p style=\"text-align: justify;\">Um documento do s\u00e9culo III, <em>Didasc\u00e1lia dos Ap\u00f3stolos<\/em>, faz aos fi\u00e9is a seguinte admoesta\u00e7\u00e3o: \u201cN\u00e3o coloquem seus afazeres temporais acima da palavra de Deus, mas no dia do Senhor, deixem tudo e acorram com presteza \u00e0s suas assembleias, porque a\u00ed celebra-se o louvor de Deus\u201d.<\/p>\n<p style=\"text-align: justify;\">As assembleias lit\u00fargicas n\u00e3o foram inven\u00e7\u00e3o do cristianismo. J\u00e1 o Antigo Testamento promovia grandes assembleias em circunst\u00e2ncias especiais, e com o fim de celebrar importantes festas do povo judeu. \u00caxodo e Deuteron\u00f4mio s\u00e3o livros b\u00edblicos que se ocupam amplamente com a \u201cassembleia do Senhor\u201d.<\/p>\n<p style=\"text-align: justify;\">Para encerrar nossa reflex\u00e3o, uma caracter\u00edstica da assembleia crist\u00e3, que vale a pena ressaltar, \u00e9 sua abertura para a fam\u00edlia inteira (cf. At 2,46-47). E n\u00e3o havia discrimina\u00e7\u00e3o de pessoas: \u201cN\u00e3o h\u00e1 judeu nem grego, n\u00e3o h\u00e1 escravo nem livre, n\u00e3o h\u00e1 homem nem mulher, pois todos voc\u00eas s\u00e3o um s\u00f3 em Cristo Jesus\u201d (Gl 3,28).<\/p>\n<p>&nbsp;<\/p>\n","protected":false},"excerpt":{"rendered":"<p>O Pai celeste convoca e re\u00fane seus filhos e filhas para celebrar, por Cristo, com Cristo e em Cristo, os mist\u00e9rios da f\u00e9, movidos pelo Esp\u00edrito Santo. O Conc\u00edlio Vaticano II, no documento sobre a Sagrada Liturgia, afirma que \u201cnunca, depois do dia de Pentecostes, no qual apareceu ao mundo, a Igreja deixou de se [&hellip;]<\/p>\n","protected":false},"author":40,"featured_media":0,"comment_status":"open","ping_status":"open","sticky":false,"template":"","format":"standard","meta":{"_acf_changed":false,"footnotes":""},"categories":[356],"tags":[],"class_list":["post-41700","post","type-post","status-publish","format-standard","hentry","category-colunista"],"acf":[],"aioseo_notices":[],"_links":{"self":[{"href":"https:\/\/www.paulus.com.br\/portal\/wp-json\/wp\/v2\/posts\/41700","targetHints":{"allow":["GET"]}}],"collection":[{"href":"https:\/\/www.paulus.com.br\/portal\/wp-json\/wp\/v2\/posts"}],"about":[{"href":"https:\/\/www.paulus.com.br\/portal\/wp-json\/wp\/v2\/types\/post"}],"author":[{"embeddable":true,"href":"https:\/\/www.paulus.com.br\/portal\/wp-json\/wp\/v2\/users\/40"}],"replies":[{"embeddable":true,"href":"https:\/\/www.paulus.com.br\/portal\/wp-json\/wp\/v2\/comments?post=41700"}],"version-history":[{"count":1,"href":"https:\/\/www.paulus.com.br\/portal\/wp-json\/wp\/v2\/posts\/41700\/revisions"}],"predecessor-version":[{"id":41701,"href":"https:\/\/www.paulus.com.br\/portal\/wp-json\/wp\/v2\/posts\/41700\/revisions\/41701"}],"wp:attachment":[{"href":"https:\/\/www.paulus.com.br\/portal\/wp-json\/wp\/v2\/media?parent=41700"}],"wp:term":[{"taxonomy":"category","embeddable":true,"href":"https:\/\/www.paulus.com.br\/portal\/wp-json\/wp\/v2\/categories?post=41700"},{"taxonomy":"post_tag","embeddable":true,"href":"https:\/\/www.paulus.com.br\/portal\/wp-json\/wp\/v2\/tags?post=41700"}],"curies":[{"name":"wp","href":"https:\/\/api.w.org\/{rel}","templated":true}]}}