{"id":40632,"date":"2018-05-09T09:16:06","date_gmt":"2018-05-09T12:16:06","guid":{"rendered":"https:\/\/www.paulus.com.br\/portal\/?p=40632"},"modified":"2018-05-09T09:16:06","modified_gmt":"2018-05-09T12:16:06","slug":"viver-a-familia-como-lugar-de-missao-dos-leigos-e-leigas-cristaos","status":"publish","type":"post","link":"https:\/\/www.paulus.com.br\/portal\/viver-a-familia-como-lugar-de-missao-dos-leigos-e-leigas-cristaos\/","title":{"rendered":"Viver a Fam\u00edlia Como Lugar de Miss\u00e3o dos Leigos e Leigas Crist\u00e3os"},"content":{"rendered":"<p style=\"text-align: justify;\">De novembro de 2017 a novembro de 2018, a Igreja no Brasil celebra o Ano do Laicato, antes, em 2016, a CNBB aprovou o Documento 105, \u201cCrist\u00e3os leigos e leigas na Igreja e na sociedade: sal da terra e luz do mundo\u201d. Como compreender o papel da fam\u00edlia no minist\u00e9rio laical da Igreja?<\/p>\n<blockquote>\n<p style=\"text-align: justify;\">A Igreja vem afirmando a viv\u00eancia familiar como um minist\u00e9rio, um servi\u00e7o dos crist\u00e3os para a vida eclesial e tamb\u00e9m social. Em v\u00e1rios documentos, salienta a import\u00e2ncia da gera\u00e7\u00e3o e cuidado com a vida e a educa\u00e7\u00e3o da f\u00e9 como tarefas primordiais da fam\u00edlia. Insiste que a fam\u00edlia crist\u00e3 deve ter consci\u00eancia e ser ativa no servi\u00e7o necess\u00e1rio \u00e0 miss\u00e3o da Igreja.<\/p>\n<\/blockquote>\n<p style=\"text-align: justify;\">Eis um grande desafio: como ajudar as fam\u00edlias a assumirem, com alegria, o an\u00fancio do Evangelho e a busca da santifica\u00e7\u00e3o de suas vidas no mundo de hoje?<\/p>\n<p style=\"text-align: justify;\">Quantas situa\u00e7\u00f5es s\u00e3o vivenciadas, favorecendo um afastamento cada vez maior da fam\u00edlia desse nobre e necess\u00e1rio minist\u00e9rio: as jornadas cada vez maiores de trabalho dos adultos, o isolamento dos indiv\u00edduos, embora vivendo \u201cem fam\u00edlia\u201d, o despreparo e a desmotiva\u00e7\u00e3o de muitos pais e m\u00e3es para educarem seus filhos tanto na f\u00e9 como na vida social&#8230; Muitas fam\u00edlias est\u00e3o terceirizando a educa\u00e7\u00e3o de seus filhos \u00e0s escolas e aos catequistas, mesmo naqueles assuntos de compet\u00eancia expl\u00edcita dos pais&#8230;<\/p>\n<blockquote>\n<p style=\"text-align: justify;\">E alguns desses pais e m\u00e3es se encontram nas comunidades crist\u00e3s, como agentes de pastoral e integrantes de v\u00e1rios movimentos eclesiais. Mas, n\u00e3o conseguem, ou n\u00e3o entendem como realizar sua miss\u00e3o nas pr\u00f3prias fam\u00edlias. Talvez seja necess\u00e1rio refor\u00e7ar o que o Documento 105 esclarece (n. 178): tamb\u00e9m \u00e9 miss\u00e3o dos leigos a atua\u00e7\u00e3o nas atividades rotineiras da casa, no trabalho e no lazer.<\/p>\n<\/blockquote>\n<p style=\"text-align: justify;\">A fam\u00edlia deveria ser o primeiro ch\u00e3o mission\u00e1rio dos crist\u00e3os leigos e leigas, nas diversas fases e pap\u00e9is que ocupam nas rela\u00e7\u00f5es familiares. Esse \u00e9 o campo de miss\u00e3o mais b\u00e1sico e mais fundamental. Ao anunciar a boa nova do Reino de Deus, os crist\u00e3os leigos e leigas santificam-se uns aos outros, ajudando a que todos possam fazer seu encontro pessoal com Jesus e segui-lo, como disc\u00edpulos mission\u00e1rios. Os bispos motivam os leigos a realizarem esta tarefa primordial: \u201cA sociedade humana em constru\u00e7\u00e3o e a Igreja em miss\u00e3o contam com crist\u00e3os convictos da pr\u00f3pria responsabilidade, dispostos a acolher desafios, alegres em abrir caminhos novos na constru\u00e7\u00e3o do Reino do Senhor Jesus, reino da verdade e da vida, reino de justi\u00e7a, do amor e de paz\u201d (n. 277).<\/p>\n","protected":false},"excerpt":{"rendered":"<p>De novembro de 2017 a novembro de 2018, a Igreja no Brasil celebra o Ano do Laicato, antes, em 2016, a CNBB aprovou o Documento 105, \u201cCrist\u00e3os leigos e leigas na Igreja e na sociedade: sal da terra e luz do mundo\u201d. Como compreender o papel da fam\u00edlia no minist\u00e9rio laical da Igreja? A Igreja [&hellip;]<\/p>\n","protected":false},"author":19,"featured_media":0,"comment_status":"open","ping_status":"open","sticky":false,"template":"","format":"standard","meta":{"_acf_changed":false,"footnotes":""},"categories":[356],"tags":[],"class_list":["post-40632","post","type-post","status-publish","format-standard","hentry","category-colunista"],"acf":[],"aioseo_notices":[],"_links":{"self":[{"href":"https:\/\/www.paulus.com.br\/portal\/wp-json\/wp\/v2\/posts\/40632","targetHints":{"allow":["GET"]}}],"collection":[{"href":"https:\/\/www.paulus.com.br\/portal\/wp-json\/wp\/v2\/posts"}],"about":[{"href":"https:\/\/www.paulus.com.br\/portal\/wp-json\/wp\/v2\/types\/post"}],"author":[{"embeddable":true,"href":"https:\/\/www.paulus.com.br\/portal\/wp-json\/wp\/v2\/users\/19"}],"replies":[{"embeddable":true,"href":"https:\/\/www.paulus.com.br\/portal\/wp-json\/wp\/v2\/comments?post=40632"}],"version-history":[{"count":1,"href":"https:\/\/www.paulus.com.br\/portal\/wp-json\/wp\/v2\/posts\/40632\/revisions"}],"predecessor-version":[{"id":40633,"href":"https:\/\/www.paulus.com.br\/portal\/wp-json\/wp\/v2\/posts\/40632\/revisions\/40633"}],"wp:attachment":[{"href":"https:\/\/www.paulus.com.br\/portal\/wp-json\/wp\/v2\/media?parent=40632"}],"wp:term":[{"taxonomy":"category","embeddable":true,"href":"https:\/\/www.paulus.com.br\/portal\/wp-json\/wp\/v2\/categories?post=40632"},{"taxonomy":"post_tag","embeddable":true,"href":"https:\/\/www.paulus.com.br\/portal\/wp-json\/wp\/v2\/tags?post=40632"}],"curies":[{"name":"wp","href":"https:\/\/api.w.org\/{rel}","templated":true}]}}