{"id":38192,"date":"2017-10-16T14:04:54","date_gmt":"2017-10-16T16:04:54","guid":{"rendered":"https:\/\/www.paulus.com.br\/portal\/?p=38192"},"modified":"2017-10-16T14:06:13","modified_gmt":"2017-10-16T16:06:13","slug":"tenho-vergonha-de-cantar-na-igreja","status":"publish","type":"post","link":"https:\/\/www.paulus.com.br\/portal\/tenho-vergonha-de-cantar-na-igreja\/","title":{"rendered":"Tenho vergonha de cantar na igreja"},"content":{"rendered":"<p style=\"text-align: justify;\">Esta reflex\u00e3o \u00e9 para voc\u00ea que tem vergonha de se colocar \u00e0 frente da assembleia para ministrar o louvor e vive lutando consigo mesmo para assumir o seu minist\u00e9rio e ter a coragem de exerc\u00ea-lo.<\/p>\n<p style=\"text-align: justify;\">Em primeiro lugar, quero lhe dizer que isso \u00e9 muito comum entre todas as pessoas que se colocam em lugar de exposi\u00e7\u00e3o. Estar \u00e0 frente \u00e9 desafiador, pois somos vistos e interpretados por diversas pessoas: nosso modo de vestir, de ministrar e, principalmente, nosso talento est\u00e3o sob o julgamento dos irm\u00e3os. \u00c9 uma condi\u00e7\u00e3o inevit\u00e1vel, pois se faz necess\u00e1rio que auxiliemos nossos irm\u00e3os no encontro com o Senhor durante as celebra\u00e7\u00f5es. O papel do cantor e ministro da m\u00fasica na igreja \u00e9 da maior import\u00e2ncia para fazer a ponte entre o cora\u00e7\u00e3o do povo e o Cora\u00e7\u00e3o de Deus. Com sensibilidade e esp\u00edrito de ora\u00e7\u00e3o, o ministro de m\u00fasica conduz o povo a altos n\u00edveis de espiritualidade, preparando os cora\u00e7\u00f5es para o di\u00e1logo com Deus, para receber a Palavra e elevar o mais puro louvor.<\/p>\n<p style=\"text-align: justify;\">\u201cAssim tamb\u00e9m a luz de voc\u00eas deve brilhar para que os outros vejam as coisas boas que voc\u00eas fazem e louvem o Pai de voc\u00eas, que est\u00e1 no c\u00e9u\u201d (Mateus 5,16).<\/p>\n<p style=\"text-align: justify;\">Por\u00e9m, n\u00e3o podemos fixar nosso pensamento no risco que corremos ao estarmos \u00e0 frente do povo. Inspirados na ousadia e coragem dos ap\u00f3stolos e profetas, precisamos fixar o olhar no chamado que Deus nos fez: somos chamados a exercer um minist\u00e9rio diante de Deus e dos homens, e n\u00e3o podemos dar as costas a isso. N\u00e3o podemos, alimentados por nossa vergonha e vaidade, guardar o dom e o minist\u00e9rio para n\u00f3s mesmos. Somos impulsionados a passar por cima de qualquer sentimento humano e lan\u00e7ar nossa sorte nas m\u00e3os do Senhor, pois, se Ele nos inspirou, nos dar\u00e1 condi\u00e7\u00f5es de exercer nossa miss\u00e3o e arcar com todas as consequ\u00eancias. Somos vasos nas m\u00e3os daquele que nos enviou. Agindo contrariamente a isso, estaremos sendo infi\u00e9is ao chamado de Deus.<\/p>\n<p style=\"text-align: justify;\">Eu mesma posso testemunhar que, todas as vezes que vou me apresentar em p\u00fablico, fico com vergonha, medo, tens\u00f5es, frio na barriga. \u00c9 nesse momento que eu clamo a Deus e retomo a consci\u00eancia da necessidade do povo em ouvir a minha voz. Meu dom \u00e9 instrumento nas m\u00e3os do Senhor para a transforma\u00e7\u00e3o de vidas \u2013 n\u00e3o posso neg\u00e1-lo. Busco tamb\u00e9m nesses momentos me responsabilizar pela minha parte que precisa ser entregue aos p\u00e9s do Senhor; se eu n\u00e3o o fizer, Deus n\u00e3o encontrar\u00e1 meios de agir. \u00c9 pensando nisso que respiro fundo, encaro o povo e solto a voz.<\/p>\n<p style=\"text-align: justify;\">Apresento a voc\u00ea o meu testemunho e o de Bruna Farias no<span style=\"color: #000000;\"> <a href=\"https:\/\/www.youtube.com\/watch?v=edzV4t279ns&amp;list=PL2AQ8Woa9_Pivo55jFVliJs-w7luwmXQS&amp;index=7\"><strong><span style=\"color: #0000ff;\">v\u00eddeo<\/span><\/strong><\/a>.<\/span> Veja como muitos irm\u00e3os t\u00eam superado o medo e a vergonha de cantar na igreja.<\/p>\n<p style=\"text-align: justify;\">Se podemos voar, por que vamos ficar engatinhando?<br \/>\nN\u00e3o deixe seu minist\u00e9rio estagnado. Deixe-se transformar e seja usado por Deus no m\u00e1ximo da potencialidade com que Ele o dotou.<\/p>\n<p style=\"text-align: justify;\">Estamos juntos no desafio de cada dia, querido(a) ministro(a) de m\u00fasica.<\/p>\n","protected":false},"excerpt":{"rendered":"<p>Esta reflex\u00e3o \u00e9 para voc\u00ea que tem vergonha de se colocar \u00e0 frente da assembleia para ministrar o louvor e vive lutando consigo mesmo para assumir o seu minist\u00e9rio e ter a coragem de exerc\u00ea-lo. Em primeiro lugar, quero lhe dizer que isso \u00e9 muito comum entre todas as pessoas que se colocam em lugar [&hellip;]<\/p>\n","protected":false},"author":31,"featured_media":0,"comment_status":"open","ping_status":"open","sticky":false,"template":"","format":"standard","meta":{"_acf_changed":false,"footnotes":""},"categories":[356],"tags":[],"class_list":["post-38192","post","type-post","status-publish","format-standard","hentry","category-colunista"],"acf":[],"aioseo_notices":[],"_links":{"self":[{"href":"https:\/\/www.paulus.com.br\/portal\/wp-json\/wp\/v2\/posts\/38192","targetHints":{"allow":["GET"]}}],"collection":[{"href":"https:\/\/www.paulus.com.br\/portal\/wp-json\/wp\/v2\/posts"}],"about":[{"href":"https:\/\/www.paulus.com.br\/portal\/wp-json\/wp\/v2\/types\/post"}],"author":[{"embeddable":true,"href":"https:\/\/www.paulus.com.br\/portal\/wp-json\/wp\/v2\/users\/31"}],"replies":[{"embeddable":true,"href":"https:\/\/www.paulus.com.br\/portal\/wp-json\/wp\/v2\/comments?post=38192"}],"version-history":[{"count":3,"href":"https:\/\/www.paulus.com.br\/portal\/wp-json\/wp\/v2\/posts\/38192\/revisions"}],"predecessor-version":[{"id":38197,"href":"https:\/\/www.paulus.com.br\/portal\/wp-json\/wp\/v2\/posts\/38192\/revisions\/38197"}],"wp:attachment":[{"href":"https:\/\/www.paulus.com.br\/portal\/wp-json\/wp\/v2\/media?parent=38192"}],"wp:term":[{"taxonomy":"category","embeddable":true,"href":"https:\/\/www.paulus.com.br\/portal\/wp-json\/wp\/v2\/categories?post=38192"},{"taxonomy":"post_tag","embeddable":true,"href":"https:\/\/www.paulus.com.br\/portal\/wp-json\/wp\/v2\/tags?post=38192"}],"curies":[{"name":"wp","href":"https:\/\/api.w.org\/{rel}","templated":true}]}}