{"id":37690,"date":"2017-09-07T14:00:50","date_gmt":"2017-09-07T17:00:50","guid":{"rendered":"https:\/\/www.paulus.com.br\/portal\/?p=37690"},"modified":"2017-09-06T15:00:26","modified_gmt":"2017-09-06T18:00:26","slug":"livrarias-iniciam-o-mes-da-biblia-com-um-debate-sobre-a-primeira-carta-aos-tessalonicenses","status":"publish","type":"post","link":"https:\/\/www.paulus.com.br\/portal\/livrarias-iniciam-o-mes-da-biblia-com-um-debate-sobre-a-primeira-carta-aos-tessalonicenses\/","title":{"rendered":"Livrarias iniciam o M\u00eas da B\u00edblia com um debate sobre a Primeira Carta aos Tessalonicenses"},"content":{"rendered":"<p style=\"text-align: justify;\">Iniciando a programa\u00e7\u00e3o de atividades em comemora\u00e7\u00e3o ao M\u00eas da B\u00edblia, no \u00faltimo s\u00e1bado (2) as livrarias de Aracaju e Santo Andr\u00e9 realizaram o curso \u201cEntendendo a Primeira Carta aos Tessalonicenses\u201d. A forma\u00e7\u00e3o buscou auxiliar os participantes a compreender melhor os textos da carta do ap\u00f3stolo Paulo \u00e0 comunidade de Tessal\u00f4nica, oferecendo \u00e0s pessoas um roteiro simples para a reflex\u00e3o comunit\u00e1ria.<\/p>\n<div id=\"attachment_37697\" style=\"width: 760px\" class=\"wp-caption aligncenter\"><img loading=\"lazy\" decoding=\"async\" aria-describedby=\"caption-attachment-37697\" class=\"wp-image-37697\" src=\"https:\/\/www.paulus.com.br\/portal\/wp-content\/uploads\/2017\/09\/IMG_2085.jpg\" alt=\"\" width=\"750\" height=\"447\" \/><p id=\"caption-attachment-37697\" class=\"wp-caption-text\">Livraria de Aracaju<\/p><\/div>\n<p style=\"text-align: justify;\">O Pe. Videlson Teles, mestre em Teologia, foi o respons\u00e1vel por ministrar o curso para os cerca de 30 participantes em Aracaju. J\u00e1 na livraria de Santo Andr\u00e9, o Pe. Jos\u00e9 Pedro Teixeira, mestre em Teologia B\u00edblica e p\u00e1roco da Par\u00f3quia Imaculada Concei\u00e7\u00e3o, em Diadema, conduziu a forma\u00e7\u00e3o para os 60 presentes.<\/p>\n<div id=\"attachment_37692\" style=\"width: 760px\" class=\"wp-caption aligncenter\"><img loading=\"lazy\" decoding=\"async\" aria-describedby=\"caption-attachment-37692\" class=\"wp-image-37692 size-full\" src=\"https:\/\/www.paulus.com.br\/portal\/wp-content\/uploads\/2017\/09\/20170902_094423.jpg\" alt=\"\" width=\"750\" height=\"308\" srcset=\"https:\/\/www.paulus.com.br\/portal\/wp-content\/uploads\/2017\/09\/20170902_094423.jpg 750w, https:\/\/www.paulus.com.br\/portal\/wp-content\/uploads\/2017\/09\/20170902_094423-300x123.jpg 300w, https:\/\/www.paulus.com.br\/portal\/wp-content\/uploads\/2017\/09\/20170902_094423-120x49.jpg 120w, https:\/\/www.paulus.com.br\/portal\/wp-content\/uploads\/2017\/09\/20170902_094423-90x37.jpg 90w, https:\/\/www.paulus.com.br\/portal\/wp-content\/uploads\/2017\/09\/20170902_094423-180x74.jpg 180w\" sizes=\"auto, (max-width: 750px) 100vw, 750px\" \/><p id=\"caption-attachment-37692\" class=\"wp-caption-text\">Livraria de Santo Andr\u00e9<\/p><\/div>\n<p style=\"text-align: justify;\">A carta, que comp\u00f5e o Novo Testamento da B\u00edblia, prop\u00f5e a pr\u00e1tica da f\u00e9, do amor e da esperan\u00e7a. Paulo transmite \u00e0 popula\u00e7\u00e3o de Tessal\u00f4nica a mensagem de um Cristo libertador, que salva seu povo das injusti\u00e7as dos poderosos.<\/p>\n<p style=\"text-align: justify;\">Para facilitar esses estudos, a PAULUS Editora, em parceria com o Centro B\u00edblico Verbo, lan\u00e7ou a obra <em>Para que n\u2019Ele nossos povos tenham vida: \u201cAnunciar o Evangelho e doar a pr\u00f3pria vida\u201d (1Ts 2,8) \u2013 Entendendo a Primeira Carta aos Tessalonicenses<\/em>. O livro prop\u00f5e um aprofundamento no texto b\u00edblico, trazendo reflex\u00f5es e descobertas.<\/p>\n<p><img loading=\"lazy\" decoding=\"async\" class=\"aligncenter wp-image-37698\" src=\"https:\/\/www.paulus.com.br\/portal\/wp-content\/uploads\/2017\/09\/20170902_094103.jpg\" alt=\"\" width=\"750\" height=\"457\" srcset=\"https:\/\/www.paulus.com.br\/portal\/wp-content\/uploads\/2017\/09\/20170902_094103.jpg 3264w, https:\/\/www.paulus.com.br\/portal\/wp-content\/uploads\/2017\/09\/20170902_094103-300x183.jpg 300w, https:\/\/www.paulus.com.br\/portal\/wp-content\/uploads\/2017\/09\/20170902_094103-768x468.jpg 768w, https:\/\/www.paulus.com.br\/portal\/wp-content\/uploads\/2017\/09\/20170902_094103-1024x624.jpg 1024w, https:\/\/www.paulus.com.br\/portal\/wp-content\/uploads\/2017\/09\/20170902_094103-120x73.jpg 120w, https:\/\/www.paulus.com.br\/portal\/wp-content\/uploads\/2017\/09\/20170902_094103-90x55.jpg 90w, https:\/\/www.paulus.com.br\/portal\/wp-content\/uploads\/2017\/09\/20170902_094103-180x110.jpg 180w\" sizes=\"auto, (max-width: 750px) 100vw, 750px\" \/><\/p>\n<p style=\"text-align: justify;\">Em linguagem simples, o volume introduz os leitores na ep\u00edstola em roteiros divididos em cinco encontros. O conte\u00fado \u00e9 voltado para par\u00f3quias, comunidades e grupos de estudo.<\/p>\n<p style=\"text-align: justify;\">A elabora\u00e7\u00e3o desse projeto surgiu a partir da orienta\u00e7\u00e3o da CNBB, que, este ano, indica a carta como proposta de estudo para setembro.\u00a0 O subs\u00eddio de apoio para a celebra\u00e7\u00e3o do M\u00eas da B\u00edblia \u00e9 feito pela Comiss\u00e3o Episcopal Pastoral para a Anima\u00e7\u00e3o B\u00edblico-Catequ\u00e9tica da CNBB, que desde 1971 desenvolve esse trabalho.<\/p>\n","protected":false},"excerpt":{"rendered":"<p>Iniciando a programa\u00e7\u00e3o de atividades em comemora\u00e7\u00e3o ao M\u00eas da B\u00edblia, no \u00faltimo s\u00e1bado (2) as livrarias de Aracaju e Santo Andr\u00e9 realizaram o curso \u201cEntendendo a Primeira Carta aos Tessalonicenses\u201d. A forma\u00e7\u00e3o buscou auxiliar os participantes a compreender melhor os textos da carta do ap\u00f3stolo Paulo \u00e0 comunidade de Tessal\u00f4nica, oferecendo \u00e0s pessoas um [&hellip;]<\/p>\n","protected":false},"author":3,"featured_media":37697,"comment_status":"open","ping_status":"open","sticky":false,"template":"","format":"standard","meta":{"_acf_changed":false,"footnotes":""},"categories":[15],"tags":[713,800,795,325],"class_list":["post-37690","post","type-post","status-publish","format-standard","has-post-thumbnail","hentry","category-noticias","tag-aracaju","tag-entendendo-a-primeira-carta-aos-tessalonicenses","tag-mes-da-biblia","tag-santo-andre"],"acf":[],"aioseo_notices":[],"_links":{"self":[{"href":"https:\/\/www.paulus.com.br\/portal\/wp-json\/wp\/v2\/posts\/37690","targetHints":{"allow":["GET"]}}],"collection":[{"href":"https:\/\/www.paulus.com.br\/portal\/wp-json\/wp\/v2\/posts"}],"about":[{"href":"https:\/\/www.paulus.com.br\/portal\/wp-json\/wp\/v2\/types\/post"}],"author":[{"embeddable":true,"href":"https:\/\/www.paulus.com.br\/portal\/wp-json\/wp\/v2\/users\/3"}],"replies":[{"embeddable":true,"href":"https:\/\/www.paulus.com.br\/portal\/wp-json\/wp\/v2\/comments?post=37690"}],"version-history":[{"count":1,"href":"https:\/\/www.paulus.com.br\/portal\/wp-json\/wp\/v2\/posts\/37690\/revisions"}],"predecessor-version":[{"id":37699,"href":"https:\/\/www.paulus.com.br\/portal\/wp-json\/wp\/v2\/posts\/37690\/revisions\/37699"}],"wp:featuredmedia":[{"embeddable":true,"href":"https:\/\/www.paulus.com.br\/portal\/wp-json\/wp\/v2\/media\/37697"}],"wp:attachment":[{"href":"https:\/\/www.paulus.com.br\/portal\/wp-json\/wp\/v2\/media?parent=37690"}],"wp:term":[{"taxonomy":"category","embeddable":true,"href":"https:\/\/www.paulus.com.br\/portal\/wp-json\/wp\/v2\/categories?post=37690"},{"taxonomy":"post_tag","embeddable":true,"href":"https:\/\/www.paulus.com.br\/portal\/wp-json\/wp\/v2\/tags?post=37690"}],"curies":[{"name":"wp","href":"https:\/\/api.w.org\/{rel}","templated":true}]}}