{"id":37502,"date":"2017-08-25T16:23:52","date_gmt":"2017-08-25T19:23:52","guid":{"rendered":"https:\/\/www.paulus.com.br\/portal\/?p=37502"},"modified":"2017-08-25T16:23:52","modified_gmt":"2017-08-25T19:23:52","slug":"cerca-de-200-professores-participam-de-seminario-de-educacao-em-porto-alegre","status":"publish","type":"post","link":"https:\/\/www.paulus.com.br\/portal\/cerca-de-200-professores-participam-de-seminario-de-educacao-em-porto-alegre\/","title":{"rendered":"Cerca de 200 professores participam de Semin\u00e1rio de Educa\u00e7\u00e3o em Porto Alegre"},"content":{"rendered":"<p style=\"text-align: justify;\">Na \u00faltima ter\u00e7a-feira (25), aconteceu o 4\u00ba Semin\u00e1rio PAULUS de Educa\u00e7\u00e3o na capital ga\u00facha. O evento, organizado pela PAULUS Livraria de Porto Alegre, reuniu cerca de 200 pessoas no audit\u00f3rio da Faculdade Dom Bosco. Durante o simp\u00f3sio foram realizadas as palestras \u201cComo ensinar valores, estimular intelig\u00eancias e discutir emo\u00e7\u00f5es\u201d, ministrada pelo autor Celso Antunes, e &#8220;M\u00edstica e poesia na literatura brasileira\u201d, conduzida por D\u00edlvia Ludvichak, coordenadora do setor de divulga\u00e7\u00e3o de eventos da PAULUS Editora.<\/p>\n<p><img loading=\"lazy\" decoding=\"async\" class=\"aligncenter wp-image-37506\" src=\"https:\/\/www.paulus.com.br\/portal\/wp-content\/uploads\/2017\/08\/IMG-20170823-WA0005.jpg\" alt=\"\" width=\"750\" height=\"462\" srcset=\"https:\/\/www.paulus.com.br\/portal\/wp-content\/uploads\/2017\/08\/IMG-20170823-WA0005.jpg 1280w, https:\/\/www.paulus.com.br\/portal\/wp-content\/uploads\/2017\/08\/IMG-20170823-WA0005-300x185.jpg 300w, https:\/\/www.paulus.com.br\/portal\/wp-content\/uploads\/2017\/08\/IMG-20170823-WA0005-768x473.jpg 768w, https:\/\/www.paulus.com.br\/portal\/wp-content\/uploads\/2017\/08\/IMG-20170823-WA0005-1024x631.jpg 1024w, https:\/\/www.paulus.com.br\/portal\/wp-content\/uploads\/2017\/08\/IMG-20170823-WA0005-120x74.jpg 120w, https:\/\/www.paulus.com.br\/portal\/wp-content\/uploads\/2017\/08\/IMG-20170823-WA0005-90x55.jpg 90w, https:\/\/www.paulus.com.br\/portal\/wp-content\/uploads\/2017\/08\/IMG-20170823-WA0005-180x111.jpg 180w\" sizes=\"auto, (max-width: 750px) 100vw, 750px\" \/><\/p>\n<p style=\"text-align: justify;\">Celso Antunes, primeiro palestrante do semin\u00e1rio, visou explorar durante o debate a nova pedagogia, mostrando resultados concretos e realistas. Para o autor, n\u00e3o h\u00e1 duvida de que \u00e9 poss\u00edvel ensinar valores e ajudar os alunos a conviver com virtudes na educa\u00e7\u00e3o infantil e nos ensinos fundamental e m\u00e9dio.<\/p>\n<p><img loading=\"lazy\" decoding=\"async\" class=\"aligncenter wp-image-37507\" src=\"https:\/\/www.paulus.com.br\/portal\/wp-content\/uploads\/2017\/08\/IMG-20170823-WA0007.jpg\" alt=\"\" width=\"750\" height=\"506\" srcset=\"https:\/\/www.paulus.com.br\/portal\/wp-content\/uploads\/2017\/08\/IMG-20170823-WA0007.jpg 1280w, https:\/\/www.paulus.com.br\/portal\/wp-content\/uploads\/2017\/08\/IMG-20170823-WA0007-300x202.jpg 300w, https:\/\/www.paulus.com.br\/portal\/wp-content\/uploads\/2017\/08\/IMG-20170823-WA0007-768x518.jpg 768w, https:\/\/www.paulus.com.br\/portal\/wp-content\/uploads\/2017\/08\/IMG-20170823-WA0007-1024x690.jpg 1024w, https:\/\/www.paulus.com.br\/portal\/wp-content\/uploads\/2017\/08\/IMG-20170823-WA0007-120x81.jpg 120w, https:\/\/www.paulus.com.br\/portal\/wp-content\/uploads\/2017\/08\/IMG-20170823-WA0007-90x61.jpg 90w, https:\/\/www.paulus.com.br\/portal\/wp-content\/uploads\/2017\/08\/IMG-20170823-WA0007-180x121.jpg 180w\" sizes=\"auto, (max-width: 750px) 100vw, 750px\" \/><\/p>\n<p style=\"text-align: justify;\">A segunda palestra visou abordar a m\u00edstica e a poesia na literatura brasileira. D\u00edlvia buscou mostrar que a literatura \u00e9 uma das formas de aproximar o homem do transcendente, porque o situa no tempo e no espa\u00e7o. Para a autora, \u00e9 atrav\u00e9s da arte liter\u00e1ria que um ser transcendente se revela na hist\u00f3ria. Durante o simp\u00f3sio foi feita uma reflex\u00e3o sobre como a literatura e a poesia t\u00eam a habilidade de fazer e refazer experi\u00eancias.<\/p>\n<p><img loading=\"lazy\" decoding=\"async\" class=\"aligncenter wp-image-37503\" src=\"https:\/\/www.paulus.com.br\/portal\/wp-content\/uploads\/2017\/08\/20170822_105641.jpg\" alt=\"\" width=\"750\" height=\"422\" srcset=\"https:\/\/www.paulus.com.br\/portal\/wp-content\/uploads\/2017\/08\/20170822_105641.jpg 4128w, https:\/\/www.paulus.com.br\/portal\/wp-content\/uploads\/2017\/08\/20170822_105641-300x169.jpg 300w, https:\/\/www.paulus.com.br\/portal\/wp-content\/uploads\/2017\/08\/20170822_105641-768x432.jpg 768w, https:\/\/www.paulus.com.br\/portal\/wp-content\/uploads\/2017\/08\/20170822_105641-1024x576.jpg 1024w, https:\/\/www.paulus.com.br\/portal\/wp-content\/uploads\/2017\/08\/20170822_105641-120x68.jpg 120w, https:\/\/www.paulus.com.br\/portal\/wp-content\/uploads\/2017\/08\/20170822_105641-90x51.jpg 90w, https:\/\/www.paulus.com.br\/portal\/wp-content\/uploads\/2017\/08\/20170822_105641-180x101.jpg 180w\" sizes=\"auto, (max-width: 750px) 100vw, 750px\" \/><\/p>\n<p style=\"text-align: justify;\">O pr\u00f3ximo curso da livraria de Porto Alegre acontece no dia 28 de agosto e tem como tema a \u201cM\u00e3e Terra: cultura e hist\u00f3rias de um povo\u201d. Mais informa\u00e7\u00f5es:<\/p>\n<p><strong>PAULUS Livraria de Porto Alegre \u2013 RS<\/strong><\/p>\n<p>Rua Dr. Jos\u00e9 Montaury, 155 \u2013 Centro \u2013 CEP: 90010-090<\/p>\n<p>Telefone: (51) 3227.7313 | WhatsApp: (51) 98236.0025<\/p>\n<p>portoalegre@paulus.com.br<\/p>\n","protected":false},"excerpt":{"rendered":"<p>Na \u00faltima ter\u00e7a-feira (25), aconteceu o 4\u00ba Semin\u00e1rio PAULUS de Educa\u00e7\u00e3o na capital ga\u00facha. O evento, organizado pela PAULUS Livraria de Porto Alegre, reuniu cerca de 200 pessoas no audit\u00f3rio da Faculdade Dom Bosco. Durante o simp\u00f3sio foram realizadas as palestras \u201cComo ensinar valores, estimular intelig\u00eancias e discutir emo\u00e7\u00f5es\u201d, ministrada pelo autor Celso Antunes, e [&hellip;]<\/p>\n","protected":false},"author":3,"featured_media":37508,"comment_status":"open","ping_status":"open","sticky":false,"template":"","format":"standard","meta":{"_acf_changed":false,"footnotes":""},"categories":[15],"tags":[199,143,797,729],"class_list":["post-37502","post","type-post","status-publish","format-standard","has-post-thumbnail","hentry","category-noticias","tag-literatura","tag-poesia","tag-porto-alegre","tag-seminario-de-educacao"],"acf":[],"aioseo_notices":[],"_links":{"self":[{"href":"https:\/\/www.paulus.com.br\/portal\/wp-json\/wp\/v2\/posts\/37502","targetHints":{"allow":["GET"]}}],"collection":[{"href":"https:\/\/www.paulus.com.br\/portal\/wp-json\/wp\/v2\/posts"}],"about":[{"href":"https:\/\/www.paulus.com.br\/portal\/wp-json\/wp\/v2\/types\/post"}],"author":[{"embeddable":true,"href":"https:\/\/www.paulus.com.br\/portal\/wp-json\/wp\/v2\/users\/3"}],"replies":[{"embeddable":true,"href":"https:\/\/www.paulus.com.br\/portal\/wp-json\/wp\/v2\/comments?post=37502"}],"version-history":[{"count":1,"href":"https:\/\/www.paulus.com.br\/portal\/wp-json\/wp\/v2\/posts\/37502\/revisions"}],"predecessor-version":[{"id":37509,"href":"https:\/\/www.paulus.com.br\/portal\/wp-json\/wp\/v2\/posts\/37502\/revisions\/37509"}],"wp:featuredmedia":[{"embeddable":true,"href":"https:\/\/www.paulus.com.br\/portal\/wp-json\/wp\/v2\/media\/37508"}],"wp:attachment":[{"href":"https:\/\/www.paulus.com.br\/portal\/wp-json\/wp\/v2\/media?parent=37502"}],"wp:term":[{"taxonomy":"category","embeddable":true,"href":"https:\/\/www.paulus.com.br\/portal\/wp-json\/wp\/v2\/categories?post=37502"},{"taxonomy":"post_tag","embeddable":true,"href":"https:\/\/www.paulus.com.br\/portal\/wp-json\/wp\/v2\/tags?post=37502"}],"curies":[{"name":"wp","href":"https:\/\/api.w.org\/{rel}","templated":true}]}}