{"id":37472,"date":"2017-08-25T09:30:20","date_gmt":"2017-08-25T12:30:20","guid":{"rendered":"https:\/\/www.paulus.com.br\/portal\/?p=37472"},"modified":"2017-08-24T15:57:29","modified_gmt":"2017-08-24T18:57:29","slug":"encontro-em-juiz-de-fora-mg-aborda-a-espiritualidade-dos-padres-do-deserto","status":"publish","type":"post","link":"https:\/\/www.paulus.com.br\/portal\/encontro-em-juiz-de-fora-mg-aborda-a-espiritualidade-dos-padres-do-deserto\/","title":{"rendered":"Encontro em Juiz de Fora (MG) aborda a espiritualidade dos Padres do Deserto"},"content":{"rendered":"<p style=\"text-align: justify;\">Dando continuidade aos estudos sobre a Patr\u00edstica, a PAULUS Livraria de Juiz de Fora realizou, no \u00faltimo s\u00e1bado (19), o terceiro encontro do curso \u201cEspiritualidade a partir dos Padres do Deserto\u201d. O evento reuniu cerca de 40 pessoas no audit\u00f3rio da loja.<\/p>\n<p><img loading=\"lazy\" decoding=\"async\" class=\"aligncenter wp-image-37475\" src=\"https:\/\/www.paulus.com.br\/portal\/wp-content\/uploads\/2017\/08\/IMG-20170822-WA0193.jpg\" alt=\"\" width=\"750\" height=\"422\" srcset=\"https:\/\/www.paulus.com.br\/portal\/wp-content\/uploads\/2017\/08\/IMG-20170822-WA0193.jpg 1280w, https:\/\/www.paulus.com.br\/portal\/wp-content\/uploads\/2017\/08\/IMG-20170822-WA0193-300x169.jpg 300w, https:\/\/www.paulus.com.br\/portal\/wp-content\/uploads\/2017\/08\/IMG-20170822-WA0193-768x432.jpg 768w, https:\/\/www.paulus.com.br\/portal\/wp-content\/uploads\/2017\/08\/IMG-20170822-WA0193-1024x576.jpg 1024w, https:\/\/www.paulus.com.br\/portal\/wp-content\/uploads\/2017\/08\/IMG-20170822-WA0193-120x68.jpg 120w, https:\/\/www.paulus.com.br\/portal\/wp-content\/uploads\/2017\/08\/IMG-20170822-WA0193-90x51.jpg 90w, https:\/\/www.paulus.com.br\/portal\/wp-content\/uploads\/2017\/08\/IMG-20170822-WA0193-180x101.jpg 180w\" sizes=\"auto, (max-width: 750px) 100vw, 750px\" \/><\/p>\n<p style=\"text-align: justify;\">A manh\u00e3 de forma\u00e7\u00e3o, ministrada pelo Pe. C\u00e1ssio Barbosa de Castro, mestre em Teologia Patr\u00edstica e Hist\u00f3ria da Teologia pela Universidade Gregoriana de Roma, introduziu os participantes no movimento mon\u00e1stico, a pr\u00e1tica de privar-se dos objetivos comuns do ser humano em prol da vida religiosa. Os Padres do Deserto, como s\u00e3o conhecidos os religiosos que se tornaram modelo para o monasticismo crist\u00e3o, surgiram entre os s\u00e9culos III e VI d.C. Intitulados monges, eles residiam em lugares isolados, grande parte no deserto eg\u00edpcio.<\/p>\n<p><img loading=\"lazy\" decoding=\"async\" class=\"aligncenter wp-image-37475\" src=\"https:\/\/www.paulus.com.br\/portal\/wp-content\/uploads\/2017\/08\/IMG-20170822-WA0193.jpg\" alt=\"\" width=\"750\" height=\"422\" srcset=\"https:\/\/www.paulus.com.br\/portal\/wp-content\/uploads\/2017\/08\/IMG-20170822-WA0193.jpg 1280w, https:\/\/www.paulus.com.br\/portal\/wp-content\/uploads\/2017\/08\/IMG-20170822-WA0193-300x169.jpg 300w, https:\/\/www.paulus.com.br\/portal\/wp-content\/uploads\/2017\/08\/IMG-20170822-WA0193-768x432.jpg 768w, https:\/\/www.paulus.com.br\/portal\/wp-content\/uploads\/2017\/08\/IMG-20170822-WA0193-1024x576.jpg 1024w, https:\/\/www.paulus.com.br\/portal\/wp-content\/uploads\/2017\/08\/IMG-20170822-WA0193-120x68.jpg 120w, https:\/\/www.paulus.com.br\/portal\/wp-content\/uploads\/2017\/08\/IMG-20170822-WA0193-90x51.jpg 90w, https:\/\/www.paulus.com.br\/portal\/wp-content\/uploads\/2017\/08\/IMG-20170822-WA0193-180x101.jpg 180w\" sizes=\"auto, (max-width: 750px) 100vw, 750px\" \/><\/p>\n<p style=\"text-align: justify;\">O movimento ganhou for\u00e7a quando o Imperador Constantino, o Grande concedeu liberdade religiosa a todos pelo Edito de Mil\u00e3o, no ano de 313, pondo fim \u00e0s persegui\u00e7\u00f5es aos crist\u00e3os. Fontes hist\u00f3ricas apontam que o primeiro eremita de que se tem not\u00edcia foi Paulo de Tebas. Um dos mais conhecidos Padres do Deserto foi Santo Ant\u00e3o, que teve a vida relatada nos escritos de Santo Atan\u00e1sio.<\/p>\n<p style=\"text-align: justify;\">Os monges atra\u00edram um grande n\u00famero de seguidores para seus retiros; seu modo recluso tinha como objetivo atingir uma severa concentra\u00e7\u00e3o na busca pela salva\u00e7\u00e3o e uni\u00e3o com Deus. Esses padres eram frequentemente solicitados para dire\u00e7\u00e3o espiritual e conselhos. Seus ditos e feitos eram transcritos em pergaminhos, grande parte em grego, copta, arm\u00eanio e sir\u00edaco.<\/p>\n<p style=\"text-align: justify;\">Segundo Adriana Ribeiro, gerente da livraria de Juiz de Fora, a procura por t\u00edtulos relacionados aos Padres da Igreja vem crescendo. As pessoas que buscam aprofundar o conhecimento sobre a tem\u00e1tica t\u00eam a oportunidade de conhecer a cole\u00e7\u00e3o <strong>Patr\u00edstica<\/strong>, publicada pela PAULUS Editora.<\/p>\n<p style=\"text-align: justify;\">A forma\u00e7\u00e3o sobre Patr\u00edstica volta a acontecer na livraria no dia 2 de setembro, com a palestra \u201cA exegese b\u00edblica nos Padres da Igreja\u201d. Mais informa\u00e7\u00f5es:<\/p>\n<p><strong>PAULUS Livraria Juiz de Fora\/MG<\/strong><\/p>\n<p>Av. Bar\u00e3o do Rio Branco, 2590 \u2013 Centro<\/p>\n<p>Tel.: (32) 3215.2160 \/ WhatsApp: (32) 99165.0006<\/p>\n<p>juizdefora@paulus.com.br<\/p>\n","protected":false},"excerpt":{"rendered":"<p>Dando continuidade aos estudos sobre a Patr\u00edstica, a PAULUS Livraria de Juiz de Fora realizou, no \u00faltimo s\u00e1bado (19), o terceiro encontro do curso \u201cEspiritualidade a partir dos Padres do Deserto\u201d. O evento reuniu cerca de 40 pessoas no audit\u00f3rio da loja. A manh\u00e3 de forma\u00e7\u00e3o, ministrada pelo Pe. C\u00e1ssio Barbosa de Castro, mestre em [&hellip;]<\/p>\n","protected":false},"author":3,"featured_media":37476,"comment_status":"open","ping_status":"open","sticky":false,"template":"","format":"standard","meta":{"_acf_changed":false,"footnotes":""},"categories":[15],"tags":[734,736,593,794,735,238,333],"class_list":["post-37472","post","type-post","status-publish","format-standard","has-post-thumbnail","hentry","category-noticias","tag-doutores-da-igreja","tag-juiz-de-fora","tag-minas-gerais","tag-padres-do-deserto","tag-pais-da-igreja","tag-patristica","tag-paulus"],"acf":[],"aioseo_notices":[],"_links":{"self":[{"href":"https:\/\/www.paulus.com.br\/portal\/wp-json\/wp\/v2\/posts\/37472","targetHints":{"allow":["GET"]}}],"collection":[{"href":"https:\/\/www.paulus.com.br\/portal\/wp-json\/wp\/v2\/posts"}],"about":[{"href":"https:\/\/www.paulus.com.br\/portal\/wp-json\/wp\/v2\/types\/post"}],"author":[{"embeddable":true,"href":"https:\/\/www.paulus.com.br\/portal\/wp-json\/wp\/v2\/users\/3"}],"replies":[{"embeddable":true,"href":"https:\/\/www.paulus.com.br\/portal\/wp-json\/wp\/v2\/comments?post=37472"}],"version-history":[{"count":2,"href":"https:\/\/www.paulus.com.br\/portal\/wp-json\/wp\/v2\/posts\/37472\/revisions"}],"predecessor-version":[{"id":37477,"href":"https:\/\/www.paulus.com.br\/portal\/wp-json\/wp\/v2\/posts\/37472\/revisions\/37477"}],"wp:featuredmedia":[{"embeddable":true,"href":"https:\/\/www.paulus.com.br\/portal\/wp-json\/wp\/v2\/media\/37476"}],"wp:attachment":[{"href":"https:\/\/www.paulus.com.br\/portal\/wp-json\/wp\/v2\/media?parent=37472"}],"wp:term":[{"taxonomy":"category","embeddable":true,"href":"https:\/\/www.paulus.com.br\/portal\/wp-json\/wp\/v2\/categories?post=37472"},{"taxonomy":"post_tag","embeddable":true,"href":"https:\/\/www.paulus.com.br\/portal\/wp-json\/wp\/v2\/tags?post=37472"}],"curies":[{"name":"wp","href":"https:\/\/api.w.org\/{rel}","templated":true}]}}