{"id":37466,"date":"2017-08-24T14:21:34","date_gmt":"2017-08-24T17:21:34","guid":{"rendered":"https:\/\/www.paulus.com.br\/portal\/?p=37466"},"modified":"2017-08-24T14:21:34","modified_gmt":"2017-08-24T17:21:34","slug":"curso-aborda-o-papel-da-familia-e-da-escola-na-formacao-de-criancas-e-adolescentes","status":"publish","type":"post","link":"https:\/\/www.paulus.com.br\/portal\/curso-aborda-o-papel-da-familia-e-da-escola-na-formacao-de-criancas-e-adolescentes\/","title":{"rendered":"Curso aborda o papel da fam\u00edlia e da escola na forma\u00e7\u00e3o de crian\u00e7as e adolescentes"},"content":{"rendered":"<p style=\"text-align: justify;\">No \u00faltimo s\u00e1bado (19), a PAULUS Livraria de Salvador realizou um debate sobre o papel das institui\u00e7\u00f5es fam\u00edlia e escola como agentes promotores na forma\u00e7\u00e3o das crian\u00e7as e adolescentes. O evento reuniu cerca de 20 pessoas, entre professores e estudantes de pedagogia.<\/p>\n<p><img loading=\"lazy\" decoding=\"async\" class=\"aligncenter wp-image-37467\" src=\"https:\/\/www.paulus.com.br\/portal\/wp-content\/uploads\/2017\/08\/Saber-e-fazer.jpg\" alt=\"\" width=\"750\" height=\"501\" \/><\/p>\n<p style=\"text-align: justify;\">O projeto Saber e Fazer prop\u00f4s discutir a influ\u00eancia que fam\u00edlia e escola exercem sobre a aprendizagem. A psicopedagoga Vania Sotero de Menezes auxiliou os presentes a compreender de que maneira acontece essa din\u00e2mica, al\u00e9m de apontar qual o papel dos pais e suas responsabilidades num contexto social familiar.<\/p>\n<p style=\"text-align: justify;\">A palestrante sugeriu aos presentes a leitura do artigo publicado na edi\u00e7\u00e3o 69 da Revista <em>P\u00e1ginas Abertas<\/em>, \u201cOs quatro pilares da educa\u00e7\u00e3o em casa\u201d, do autor Celso Antunes. O texto apresenta a import\u00e2ncia dos pilares conhecer, conviver, fazer e ser, mostrando como a fam\u00edlia deve estar atenta \u00e0s suas responsabilidades, preparando o futuro dos filhos. Segundo o autor, a escola prepara para a cidadania e o trabalho; por\u00e9m, em raz\u00e3o das constantes mudan\u00e7as a que somos submetidos, \u00e9 preciso um trabalho conjunto entre escola e fam\u00edlia.<\/p>\n<p style=\"text-align: justify;\">Na pr\u00f3xima segunda-feira (28) acontece o lan\u00e7amento do livro <em>Francisco de Assis e Charles de Foucauld: enamorados do deus humanado<\/em>. Mais informa\u00e7\u00f5es:<\/p>\n<p>&nbsp;<\/p>\n<p><strong>PAULUS LIVRARIA DE SALVADOR <\/strong><\/p>\n<p>Rua Direita da Piedade, 75 \u2013 Barris<\/p>\n<p>Tel.: (71) 3321.0126<\/p>\n<p>WhatsApp (71) 99197.8116<\/p>\n<p>salvador@paulus.com.br<\/p>\n<p>&nbsp;<\/p>\n","protected":false},"excerpt":{"rendered":"<p>No \u00faltimo s\u00e1bado (19), a PAULUS Livraria de Salvador realizou um debate sobre o papel das institui\u00e7\u00f5es fam\u00edlia e escola como agentes promotores na forma\u00e7\u00e3o das crian\u00e7as e adolescentes. O evento reuniu cerca de 20 pessoas, entre professores e estudantes de pedagogia. O projeto Saber e Fazer prop\u00f4s discutir a influ\u00eancia que fam\u00edlia e escola [&hellip;]<\/p>\n","protected":false},"author":3,"featured_media":37467,"comment_status":"open","ping_status":"open","sticky":false,"template":"","format":"standard","meta":{"_acf_changed":false,"footnotes":""},"categories":[15],"tags":[793,792,595,170,738],"class_list":["post-37466","post","type-post","status-publish","format-standard","has-post-thumbnail","hentry","category-noticias","tag-adolescentes","tag-criancas","tag-educacao","tag-familia","tag-salvador"],"acf":[],"aioseo_notices":[],"_links":{"self":[{"href":"https:\/\/www.paulus.com.br\/portal\/wp-json\/wp\/v2\/posts\/37466","targetHints":{"allow":["GET"]}}],"collection":[{"href":"https:\/\/www.paulus.com.br\/portal\/wp-json\/wp\/v2\/posts"}],"about":[{"href":"https:\/\/www.paulus.com.br\/portal\/wp-json\/wp\/v2\/types\/post"}],"author":[{"embeddable":true,"href":"https:\/\/www.paulus.com.br\/portal\/wp-json\/wp\/v2\/users\/3"}],"replies":[{"embeddable":true,"href":"https:\/\/www.paulus.com.br\/portal\/wp-json\/wp\/v2\/comments?post=37466"}],"version-history":[{"count":1,"href":"https:\/\/www.paulus.com.br\/portal\/wp-json\/wp\/v2\/posts\/37466\/revisions"}],"predecessor-version":[{"id":37468,"href":"https:\/\/www.paulus.com.br\/portal\/wp-json\/wp\/v2\/posts\/37466\/revisions\/37468"}],"wp:featuredmedia":[{"embeddable":true,"href":"https:\/\/www.paulus.com.br\/portal\/wp-json\/wp\/v2\/media\/37467"}],"wp:attachment":[{"href":"https:\/\/www.paulus.com.br\/portal\/wp-json\/wp\/v2\/media?parent=37466"}],"wp:term":[{"taxonomy":"category","embeddable":true,"href":"https:\/\/www.paulus.com.br\/portal\/wp-json\/wp\/v2\/categories?post=37466"},{"taxonomy":"post_tag","embeddable":true,"href":"https:\/\/www.paulus.com.br\/portal\/wp-json\/wp\/v2\/tags?post=37466"}],"curies":[{"name":"wp","href":"https:\/\/api.w.org\/{rel}","templated":true}]}}