{"id":37459,"date":"2017-08-24T11:03:32","date_gmt":"2017-08-24T14:03:32","guid":{"rendered":"https:\/\/www.paulus.com.br\/portal\/?p=37459"},"modified":"2017-08-24T14:11:22","modified_gmt":"2017-08-24T17:11:22","slug":"livraria-de-santo-andre-realiza-formacao-sobre-reflexao-da-pratica-pedagogica","status":"publish","type":"post","link":"https:\/\/www.paulus.com.br\/portal\/livraria-de-santo-andre-realiza-formacao-sobre-reflexao-da-pratica-pedagogica\/","title":{"rendered":"Livraria de Santo Andr\u00e9 realiza forma\u00e7\u00e3o sobre reflex\u00e3o da pr\u00e1tica pedag\u00f3gica"},"content":{"rendered":"<p style=\"text-align: justify;\">No \u00faltimo s\u00e1bado (19), a PAULUS Livraria de Santo Andr\u00e9 promoveu o curso \u201cReflex\u00f5es no exerc\u00edcio de avaliar\u201d. O evento reuniu cerca de 60 pessoas e foi ministrado pela pedagoga Julia Masson.<\/p>\n<p><img loading=\"lazy\" decoding=\"async\" class=\"aligncenter wp-image-37462\" src=\"https:\/\/www.paulus.com.br\/portal\/wp-content\/uploads\/2017\/08\/20170819_105926.jpg\" alt=\"\" width=\"750\" height=\"433\" srcset=\"https:\/\/www.paulus.com.br\/portal\/wp-content\/uploads\/2017\/08\/20170819_105926.jpg 3264w, https:\/\/www.paulus.com.br\/portal\/wp-content\/uploads\/2017\/08\/20170819_105926-300x173.jpg 300w, https:\/\/www.paulus.com.br\/portal\/wp-content\/uploads\/2017\/08\/20170819_105926-768x443.jpg 768w, https:\/\/www.paulus.com.br\/portal\/wp-content\/uploads\/2017\/08\/20170819_105926-1024x591.jpg 1024w, https:\/\/www.paulus.com.br\/portal\/wp-content\/uploads\/2017\/08\/20170819_105926-120x69.jpg 120w, https:\/\/www.paulus.com.br\/portal\/wp-content\/uploads\/2017\/08\/20170819_105926-90x52.jpg 90w, https:\/\/www.paulus.com.br\/portal\/wp-content\/uploads\/2017\/08\/20170819_105926-180x104.jpg 180w\" sizes=\"auto, (max-width: 750px) 100vw, 750px\" \/><\/p>\n<p style=\"text-align: justify;\">A pedagoga, com ampla experi\u00eancia em forma\u00e7\u00e3o do corpo docente visando \u00e0 reflex\u00e3o da pr\u00e1tica pedag\u00f3gica e dos instrumentos avaliativos, fez um convite aos educadores para que revisitem a sala de aula e ponderem sobre como a rotina pode distanci\u00e1-los do real prop\u00f3sito de mediador da aprendizagem.<\/p>\n<p style=\"text-align: justify;\">No dia 23 de setembro ser\u00e1 realizada a oficina \u201cConfec\u00e7\u00e3o de fantoches em Espuma\u201d. Para mais informa\u00e7\u00f5es:<\/p>\n<p><strong>PAULUS Livraria Santo Andr\u00e9\/SP<\/strong><\/p>\n<p>Rua Campos Sales, 255 \u2013 Centro<\/p>\n<p>Tel.: (11) 4992.0623<\/p>\n<p>WhatsApp: (11) 98751.2307<\/p>\n<p>stoandre@paulus.com.br<\/p>\n","protected":false},"excerpt":{"rendered":"<p>No \u00faltimo s\u00e1bado (19), a PAULUS Livraria de Santo Andr\u00e9 promoveu o curso \u201cReflex\u00f5es no exerc\u00edcio de avaliar\u201d. O evento reuniu cerca de 60 pessoas e foi ministrado pela pedagoga Julia Masson. A pedagoga, com ampla experi\u00eancia em forma\u00e7\u00e3o do corpo docente visando \u00e0 reflex\u00e3o da pr\u00e1tica pedag\u00f3gica e dos instrumentos avaliativos, fez um convite [&hellip;]<\/p>\n","protected":false},"author":3,"featured_media":37217,"comment_status":"open","ping_status":"open","sticky":false,"template":"","format":"standard","meta":{"_acf_changed":false,"footnotes":""},"categories":[15],"tags":[595,465,315,325],"class_list":["post-37459","post","type-post","status-publish","format-standard","has-post-thumbnail","hentry","category-noticias","tag-educacao","tag-pedagogia","tag-professores","tag-santo-andre"],"acf":[],"aioseo_notices":[],"_links":{"self":[{"href":"https:\/\/www.paulus.com.br\/portal\/wp-json\/wp\/v2\/posts\/37459","targetHints":{"allow":["GET"]}}],"collection":[{"href":"https:\/\/www.paulus.com.br\/portal\/wp-json\/wp\/v2\/posts"}],"about":[{"href":"https:\/\/www.paulus.com.br\/portal\/wp-json\/wp\/v2\/types\/post"}],"author":[{"embeddable":true,"href":"https:\/\/www.paulus.com.br\/portal\/wp-json\/wp\/v2\/users\/3"}],"replies":[{"embeddable":true,"href":"https:\/\/www.paulus.com.br\/portal\/wp-json\/wp\/v2\/comments?post=37459"}],"version-history":[{"count":2,"href":"https:\/\/www.paulus.com.br\/portal\/wp-json\/wp\/v2\/posts\/37459\/revisions"}],"predecessor-version":[{"id":37465,"href":"https:\/\/www.paulus.com.br\/portal\/wp-json\/wp\/v2\/posts\/37459\/revisions\/37465"}],"wp:featuredmedia":[{"embeddable":true,"href":"https:\/\/www.paulus.com.br\/portal\/wp-json\/wp\/v2\/media\/37217"}],"wp:attachment":[{"href":"https:\/\/www.paulus.com.br\/portal\/wp-json\/wp\/v2\/media?parent=37459"}],"wp:term":[{"taxonomy":"category","embeddable":true,"href":"https:\/\/www.paulus.com.br\/portal\/wp-json\/wp\/v2\/categories?post=37459"},{"taxonomy":"post_tag","embeddable":true,"href":"https:\/\/www.paulus.com.br\/portal\/wp-json\/wp\/v2\/tags?post=37459"}],"curies":[{"name":"wp","href":"https:\/\/api.w.org\/{rel}","templated":true}]}}