{"id":37453,"date":"2017-08-23T16:14:31","date_gmt":"2017-08-23T19:14:31","guid":{"rendered":"https:\/\/www.paulus.com.br\/portal\/?p=37453"},"modified":"2017-08-23T16:14:31","modified_gmt":"2017-08-23T19:14:31","slug":"curso-auxilia-educadores-a-lidar-com-o-preconceito-na-infancia","status":"publish","type":"post","link":"https:\/\/www.paulus.com.br\/portal\/curso-auxilia-educadores-a-lidar-com-o-preconceito-na-infancia\/","title":{"rendered":"Curso auxilia educadores a lidar com o preconceito na inf\u00e2ncia"},"content":{"rendered":"<p style=\"text-align: justify;\">Lidar com as diferen\u00e7as, mesmo para os adultos, n\u00e3o \u00e9 uma tarefa f\u00e1cil. No dia a dia, deparamos com diversas situa\u00e7\u00f5es que exigem respeito e compreens\u00e3o, mas muitas vezes as pessoas t\u00eam dificuldade de combater os preconceitos. Para mudar essa realidade \u00e9 preciso transform\u00e1-la desde o in\u00edcio, ou seja, ensinar as crian\u00e7as a lidar com as diferen\u00e7as.<\/p>\n<p><img loading=\"lazy\" decoding=\"async\" class=\"aligncenter wp-image-37455\" src=\"https:\/\/www.paulus.com.br\/portal\/wp-content\/uploads\/2017\/08\/IMG-20170819-WA0008.jpg\" alt=\"\" width=\"750\" height=\"563\" srcset=\"https:\/\/www.paulus.com.br\/portal\/wp-content\/uploads\/2017\/08\/IMG-20170819-WA0008.jpg 1280w, https:\/\/www.paulus.com.br\/portal\/wp-content\/uploads\/2017\/08\/IMG-20170819-WA0008-300x225.jpg 300w, https:\/\/www.paulus.com.br\/portal\/wp-content\/uploads\/2017\/08\/IMG-20170819-WA0008-768x576.jpg 768w, https:\/\/www.paulus.com.br\/portal\/wp-content\/uploads\/2017\/08\/IMG-20170819-WA0008-1024x768.jpg 1024w, https:\/\/www.paulus.com.br\/portal\/wp-content\/uploads\/2017\/08\/IMG-20170819-WA0008-120x90.jpg 120w, https:\/\/www.paulus.com.br\/portal\/wp-content\/uploads\/2017\/08\/IMG-20170819-WA0008-90x68.jpg 90w, https:\/\/www.paulus.com.br\/portal\/wp-content\/uploads\/2017\/08\/IMG-20170819-WA0008-180x135.jpg 180w\" sizes=\"auto, (max-width: 750px) 100vw, 750px\" \/><\/p>\n<p style=\"text-align: justify;\">Com a proposta de auxiliar professores e educadores infantis nessa tarefa, a PAULUS Livraria de Aracaju promoveu, no \u00faltimo s\u00e1bado (19), o curso \u201cSim, eu posso! \u2013 Como auxiliar as crian\u00e7as a lidar com as diferen\u00e7as\u201d. A forma\u00e7\u00e3o reuniu cerca de 20 pessoas.<\/p>\n<p style=\"text-align: justify;\">A facilitadora Maria Cristina Cavalcante, psic\u00f3loga e psicoterapeuta de crian\u00e7as, jovens, adultos, casais e grupos, procurou ensinar aos participantes como ajudar as crian\u00e7as a identificar preconceitos e compreender as diferen\u00e7as, para que no futuro se tornem adultos melhores.<\/p>\n<p><img loading=\"lazy\" decoding=\"async\" class=\"aligncenter wp-image-37454\" src=\"https:\/\/www.paulus.com.br\/portal\/wp-content\/uploads\/2017\/08\/IMG-20170819-WA0002.jpg\" alt=\"\" width=\"750\" height=\"563\" \/><\/p>\n<p style=\"text-align: justify;\">Para apoiar esse trabalho, a PAULUS Editora lan\u00e7ou a cole\u00e7\u00e3o <strong>Terapia Infantil<\/strong>. Com temas como preconceito, morte, separa\u00e7\u00e3o, doen\u00e7as e drogas, os volumes buscam auxiliar os pais e educadores na orienta\u00e7\u00e3o dos mais jovens.<\/p>\n<p style=\"text-align: justify;\">O pr\u00f3ximo curso da livraria de Aracaju acontece no dia 2 de setembro e vai abordar o tema do M\u00eas da B\u00edblia: \u201cAnunciar o Evangelho e doar a pr\u00f3pria vida (1Ts 2,8) \u2013 Entendendo A Primeira Carta Aos Tessalonicenses\u201d. Mais informa\u00e7\u00f5es:<\/p>\n<p style=\"text-align: left;\"><strong>PAULUS Livraria de Aracaju\/SE<\/strong><\/p>\n<p style=\"text-align: left;\">Rua Laranjeiras, 319 \u2013 Centro \u2013 CEP: 49010-000<\/p>\n<p style=\"text-align: left;\">Telefone: (79) 3211-2927 | WhatsApp: (79) 99110-0028<\/p>\n<p style=\"text-align: left;\">aracaju@paulus.com.br<\/p>\n","protected":false},"excerpt":{"rendered":"<p>Lidar com as diferen\u00e7as, mesmo para os adultos, n\u00e3o \u00e9 uma tarefa f\u00e1cil. No dia a dia, deparamos com diversas situa\u00e7\u00f5es que exigem respeito e compreens\u00e3o, mas muitas vezes as pessoas t\u00eam dificuldade de combater os preconceitos. Para mudar essa realidade \u00e9 preciso transform\u00e1-la desde o in\u00edcio, ou seja, ensinar as crian\u00e7as a lidar com [&hellip;]<\/p>\n","protected":false},"author":3,"featured_media":37454,"comment_status":"open","ping_status":"open","sticky":false,"template":"","format":"standard","meta":{"_acf_changed":false,"footnotes":""},"categories":[15],"tags":[713,326,791,595,370,789,790,315],"class_list":["post-37453","post","type-post","status-publish","format-standard","has-post-thumbnail","hentry","category-noticias","tag-aracaju","tag-cafe-e-debate","tag-diferencas","tag-educacao","tag-educadores","tag-infancia","tag-preconceitos","tag-professores"],"acf":[],"aioseo_notices":[],"_links":{"self":[{"href":"https:\/\/www.paulus.com.br\/portal\/wp-json\/wp\/v2\/posts\/37453","targetHints":{"allow":["GET"]}}],"collection":[{"href":"https:\/\/www.paulus.com.br\/portal\/wp-json\/wp\/v2\/posts"}],"about":[{"href":"https:\/\/www.paulus.com.br\/portal\/wp-json\/wp\/v2\/types\/post"}],"author":[{"embeddable":true,"href":"https:\/\/www.paulus.com.br\/portal\/wp-json\/wp\/v2\/users\/3"}],"replies":[{"embeddable":true,"href":"https:\/\/www.paulus.com.br\/portal\/wp-json\/wp\/v2\/comments?post=37453"}],"version-history":[{"count":1,"href":"https:\/\/www.paulus.com.br\/portal\/wp-json\/wp\/v2\/posts\/37453\/revisions"}],"predecessor-version":[{"id":37456,"href":"https:\/\/www.paulus.com.br\/portal\/wp-json\/wp\/v2\/posts\/37453\/revisions\/37456"}],"wp:featuredmedia":[{"embeddable":true,"href":"https:\/\/www.paulus.com.br\/portal\/wp-json\/wp\/v2\/media\/37454"}],"wp:attachment":[{"href":"https:\/\/www.paulus.com.br\/portal\/wp-json\/wp\/v2\/media?parent=37453"}],"wp:term":[{"taxonomy":"category","embeddable":true,"href":"https:\/\/www.paulus.com.br\/portal\/wp-json\/wp\/v2\/categories?post=37453"},{"taxonomy":"post_tag","embeddable":true,"href":"https:\/\/www.paulus.com.br\/portal\/wp-json\/wp\/v2\/tags?post=37453"}],"curies":[{"name":"wp","href":"https:\/\/api.w.org\/{rel}","templated":true}]}}