{"id":37123,"date":"2017-10-10T00:05:23","date_gmt":"2017-10-10T03:05:23","guid":{"rendered":"https:\/\/www.paulus.com.br\/portal\/?p=37123"},"modified":"2017-09-14T14:42:56","modified_gmt":"2017-09-14T17:42:56","slug":"a-fe-crista-tem-algo-a-receber","status":"publish","type":"post","link":"https:\/\/www.paulus.com.br\/portal\/a-fe-crista-tem-algo-a-receber\/","title":{"rendered":"A f\u00e9 crist\u00e3 t\u00eam algo a receber"},"content":{"rendered":"<p style=\"text-align: justify;\">O di\u00e1logo \u00e9 uma troca; \u00e9 um interc\u00e2mbio n\u00e3o de informa\u00e7\u00f5es ou de not\u00edcias, mas de experi\u00eancias de vida. No di\u00e1logo a gente n\u00e3o oferece palavras, not\u00edcias, dados ou conhecimentos; a gente se oferece como dom e acolhe o outro como dom tamb\u00e9m. Seria muita pretens\u00e3o nossa \u2013 ali\u00e1s, pretens\u00e3o nada evang\u00e9lica \u2013 achar que n\u00f3s crist\u00e3os estamos plenos e que a oferta do diferente n\u00e3o nos interessa. Um seguidor de Jesus deve saber que o Mestre de Nazar\u00e9 estava sempre aprendendo. N\u00e3o poucas vezes os evangelistas nos noticiam que Jesus \u201ccrescia em sabedoria e gra\u00e7a\u201d (cf. Lc 2,52), que mudava de opini\u00e3o quando encontrava algu\u00e9m capaz de interpel\u00e1-lo (cf. Mc 7,24-30).<\/p>\n<p style=\"text-align: justify;\">A f\u00e9 crist\u00e3 \u00e9 uma preciosidade, j\u00e1 afirmamos v\u00e1rias vezes. Ela \u00e9 uma oferta de sentido que tem respondido aos anseios de milh\u00f5es de pessoas h\u00e1 dois mil anos. Mas o fato de ela ser uma oferta de sentido que nos plenifica n\u00e3o significa que ela se baste. Ao contr\u00e1rio, \u00e9 exatamente por sua abertura, por sua maleabilidade, por sua capacidade de adapta\u00e7\u00e3o \u00e0 hist\u00f3ria, que a f\u00e9 crist\u00e3 responde aos nossos anseios mais atuais. Ela n\u00e3o \u00e9 um conjunto de normas ou um bloco fechado de prescri\u00e7\u00f5es que n\u00e3o se amolde ao tempo presente. Foi interagindo com as culturas que a f\u00e9 crist\u00e3 mostrou sua for\u00e7a. No come\u00e7o, precisou dialogar com o juda\u00edsmo; depois precisou ir ao encontro dos gentios e da cultura grega. Ao longo dos anos, atravessou fronteiras, andou sobre \u00e1guas oce\u00e2nicas at\u00e9 chegar aos confins da terra, em continentes distantes, fazendo-se presen\u00e7a nas culturas mais diversas e aprendendo com elas. N\u00e3o \u00e9 de hoje que a f\u00e9 crist\u00e3 dialoga, aprende com o outro, acolhe o diferente. E, quando n\u00e3o o fez, os resultados foram funestos: inquisi\u00e7\u00e3o e guerras santas (que, de santa, nunca tiveram nada a n\u00e3o ser o nome para camuflar interesses escusos).<\/p>\n<p style=\"text-align: justify;\">\u00a0Entrar em di\u00e1logo com o outro \u00e9 acolh\u00ea-lo como dom. A f\u00e9 crist\u00e3 \u00e9 bela, mas tem muito a aprender. A oferta generosa do outro n\u00e3o deve ser descartada, desprezada ou diminu\u00edda. Ao longo da hist\u00f3ria, aprendemos a ser mais humanos com a humanidade; aprendemos a ser mais crist\u00e3os com os n\u00e3o-crist\u00e3os; reconhecemos nossos erros e limites na cr\u00edtica fundamentada de muitos que n\u00e3o professam a f\u00e9 crist\u00e3. N\u00f3s crist\u00e3os devemos estar sempre de m\u00e3os estendidas, em atitude de generosa acolhida, para receber o que a humanidade inteira compartilha como sabedoria. N\u00e3o fomos n\u00f3s quem inventamos o bem. N\u00f3s n\u00e3o somos os \u00fanicos capazes de amar. N\u00e3o \u00e9 interesse s\u00f3 dos crist\u00e3os que o mundo seja melhor e mais fraterno. Por exemplo, n\u00e3o foi a Igreja quem descobriu os direitos humanos ou falou de ecologia pela primeira vez. N\u00e3o foi a f\u00e9 crist\u00e3 quem primeiro lutou no Brasil pela liberta\u00e7\u00e3o dos escravos. N\u00e3o fomos n\u00f3s os crist\u00e3os quem empreendemos a causa dos oper\u00e1rios em luta de direitos trabalhistas. N\u00e3o! N\u00f3s reconhecemos esses valores na sociedade, no mundo, em outros grupos e agremia\u00e7\u00f5es, inclusive religiosas e, percebendo que eram valores compat\u00edveis com o evangelho, n\u00f3s os abra\u00e7amos como nossa causa tamb\u00e9m, pois tudo que \u00e9 verdadeiramente humano \u00e9 divino. A f\u00e9 crist\u00e3 n\u00e3o se cansa de aprender. Se hoje a Igreja tem belas enc\u00edclicas sobre os direitos humanos (Doutrina Social da Igreja), foi porque assumiu como sua a luta de outros grupos e pessoas que nem s\u00e3o cat\u00f3licos ou crist\u00e3os. Se hoje o papa Francisco escreve a <em>Laudato Si<\/em> foi porque muitos n\u00e3o crist\u00e3os empreenderam a causa da ecologia antes dele. \u00c9 bom permanecer sempre com as m\u00e3os estendidas, n\u00e3o s\u00f3 para se ofertar como dom ao outro, mas para humildemente receb\u00ea-lo como dom de Deus.<\/p>\n","protected":false},"excerpt":{"rendered":"<p>O di\u00e1logo \u00e9 uma troca; \u00e9 um interc\u00e2mbio n\u00e3o de informa\u00e7\u00f5es ou de not\u00edcias, mas de experi\u00eancias de vida. No di\u00e1logo a gente n\u00e3o oferece palavras, not\u00edcias, dados ou conhecimentos; a gente se oferece como dom e acolhe o outro como dom tamb\u00e9m. Seria muita pretens\u00e3o nossa \u2013 ali\u00e1s, pretens\u00e3o nada evang\u00e9lica \u2013 achar que [&hellip;]<\/p>\n","protected":false},"author":17,"featured_media":0,"comment_status":"open","ping_status":"open","sticky":false,"template":"","format":"standard","meta":{"_acf_changed":false,"footnotes":""},"categories":[356],"tags":[],"class_list":["post-37123","post","type-post","status-publish","format-standard","hentry","category-colunista"],"acf":[],"aioseo_notices":[],"_links":{"self":[{"href":"https:\/\/www.paulus.com.br\/portal\/wp-json\/wp\/v2\/posts\/37123","targetHints":{"allow":["GET"]}}],"collection":[{"href":"https:\/\/www.paulus.com.br\/portal\/wp-json\/wp\/v2\/posts"}],"about":[{"href":"https:\/\/www.paulus.com.br\/portal\/wp-json\/wp\/v2\/types\/post"}],"author":[{"embeddable":true,"href":"https:\/\/www.paulus.com.br\/portal\/wp-json\/wp\/v2\/users\/17"}],"replies":[{"embeddable":true,"href":"https:\/\/www.paulus.com.br\/portal\/wp-json\/wp\/v2\/comments?post=37123"}],"version-history":[{"count":4,"href":"https:\/\/www.paulus.com.br\/portal\/wp-json\/wp\/v2\/posts\/37123\/revisions"}],"predecessor-version":[{"id":37740,"href":"https:\/\/www.paulus.com.br\/portal\/wp-json\/wp\/v2\/posts\/37123\/revisions\/37740"}],"wp:attachment":[{"href":"https:\/\/www.paulus.com.br\/portal\/wp-json\/wp\/v2\/media?parent=37123"}],"wp:term":[{"taxonomy":"category","embeddable":true,"href":"https:\/\/www.paulus.com.br\/portal\/wp-json\/wp\/v2\/categories?post=37123"},{"taxonomy":"post_tag","embeddable":true,"href":"https:\/\/www.paulus.com.br\/portal\/wp-json\/wp\/v2\/tags?post=37123"}],"curies":[{"name":"wp","href":"https:\/\/api.w.org\/{rel}","templated":true}]}}