{"id":37063,"date":"2017-08-16T13:33:05","date_gmt":"2017-08-16T16:33:05","guid":{"rendered":"https:\/\/www.paulus.com.br\/portal\/?p=37063"},"modified":"2017-08-16T13:33:05","modified_gmt":"2017-08-16T16:33:05","slug":"palestra-discute-a-figura-de-jesus-pela-otica-dos-quatro-evangelistas","status":"publish","type":"post","link":"https:\/\/www.paulus.com.br\/portal\/palestra-discute-a-figura-de-jesus-pela-otica-dos-quatro-evangelistas\/","title":{"rendered":"Palestra discute a figura de Jesus pela \u00f3tica dos quatro evangelistas"},"content":{"rendered":"<p style=\"text-align: justify;\">A PAULUS Livraria de Bras\u00edlia promoveu, no \u00faltimo s\u00e1bado (12), a palestra \u201cJesus nos Quatro Evangelhos: Introdu\u00e7\u00e3o \u00e0 Cristologia dos Evangelhos Can\u00f4nicos\u201d. Participaram da forma\u00e7\u00e3o cerca de 20 pessoas.<\/p>\n<p style=\"text-align: justify;\"><img loading=\"lazy\" decoding=\"async\" class=\"aligncenter wp-image-37065\" src=\"https:\/\/www.paulus.com.br\/portal\/wp-content\/uploads\/2017\/08\/IMG-20170812-WA0023.jpg\" alt=\"\" width=\"750\" height=\"493\" \/><\/p>\n<p style=\"text-align: justify;\">A palestra teve como objetivo responder \u00e0 quest\u00e3o \u201cquem \u00e9 Jesus?\u201d, pela \u00f3tica de cada um dos quatro evangelistas. O professor D. F. Izidro, mestrando em Ci\u00eancias da Religi\u00e3o e docente-pesquisador da Sociedade de Estudos B\u00edblicos Interdisciplinares (SEBI), foi incumbido de conduzir o curso.<\/p>\n<p><img loading=\"lazy\" decoding=\"async\" class=\"aligncenter wp-image-37064\" src=\"https:\/\/www.paulus.com.br\/portal\/wp-content\/uploads\/2017\/08\/IMG-20170812-WA0013.jpg\" alt=\"\" width=\"750\" height=\"500\" srcset=\"https:\/\/www.paulus.com.br\/portal\/wp-content\/uploads\/2017\/08\/IMG-20170812-WA0013.jpg 1280w, https:\/\/www.paulus.com.br\/portal\/wp-content\/uploads\/2017\/08\/IMG-20170812-WA0013-300x200.jpg 300w, https:\/\/www.paulus.com.br\/portal\/wp-content\/uploads\/2017\/08\/IMG-20170812-WA0013-768x512.jpg 768w, https:\/\/www.paulus.com.br\/portal\/wp-content\/uploads\/2017\/08\/IMG-20170812-WA0013-1024x683.jpg 1024w, https:\/\/www.paulus.com.br\/portal\/wp-content\/uploads\/2017\/08\/IMG-20170812-WA0013-120x80.jpg 120w, https:\/\/www.paulus.com.br\/portal\/wp-content\/uploads\/2017\/08\/IMG-20170812-WA0013-90x60.jpg 90w, https:\/\/www.paulus.com.br\/portal\/wp-content\/uploads\/2017\/08\/IMG-20170812-WA0013-180x120.jpg 180w\" sizes=\"auto, (max-width: 750px) 100vw, 750px\" \/><\/p>\n<p style=\"text-align: justify;\">Desde os prim\u00f3rdios do cristianismo a arte crist\u00e3 tem representado os evangelistas como um homem, um le\u00e3o, um touro e uma \u00e1guia. S\u00e3o not\u00e1veis as diferen\u00e7as entre os evangelhos, n\u00e3o s\u00f3 na escrita, mas tamb\u00e9m na forma de enxergar e transmitir quem era Cristo.<\/p>\n<p style=\"text-align: justify;\">Mas como e por que foram atribu\u00eddos tais s\u00edmbolos aos evangelistas?\u00a0 Segundo santos da Igreja e sacerdotes especialistas, o fundamento desses \u00edcones \u00e9 b\u00edblico. A primeira refer\u00eancia encontrada na B\u00edblia est\u00e1 na profecia de Ezequiel: \u201cDo meio da nuvem surgiu algo parecido com quatro seres vivos, e cada um lembrava tamb\u00e9m uma forma humana. [&#8230;] O rosto deles era parecido com o rosto de um homem. Do lado direito tinham apar\u00eancia de le\u00e3o, e do lado direito tinham apar\u00eancia de touro. Os quatro tinham tamb\u00e9m apar\u00eancia de \u00e1guia.&#8221; (Ez 1,5.10)<\/p>\n<p style=\"text-align: justify;\">Outra refer\u00eancia aos quatro seres est\u00e1 no livro do Apocalipse: \u201cO primeiro Vivente parece um le\u00e3o; o segundo parece um touro; o terceiro tem rosto como se fosse humano; o quarto parece uma \u00e1guia voando. [&#8230;] E sem parar, dia e noite, eles proclamam: \u201cSanto! Santo! Santo! Senhor, o Deus todo-poderoso! Aquele-que-era, Aquele-que-\u00e9 e Aquele-que-vem!\u201d (Ap 4,7-8).<\/p>\n<p style=\"text-align: justify;\">Historicamente, S\u00e3o Mateus \u00e9 retratado como homem; S\u00e3o Marcos, como um le\u00e3o; S\u00e3o Lucas, um touro e S\u00e3o Jo\u00e3o, uma \u00e1guia.\u00a0 O primeiro santo a definir os evangelistas dessa forma foi S\u00e3o Jer\u00f4nimo. Um dos papas mais importantes da hist\u00f3ria da Igreja, S\u00e3o Greg\u00f3rio Magno (590 \u2013 604), explica com clareza a atribui\u00e7\u00e3o dos s\u00edmbolos aos evangelistas.<\/p>\n<p style=\"text-align: justify;\">\u201cNa verdade estes quatro animais alados simbolizam os quatro santos evangelistas, como demonstra o pr\u00f3prio in\u00edcio de cada um destes livros dos evangelhos. Mateus \u00e9 corretamente simbolizado pelo homem porque ele come\u00e7a com a gera\u00e7\u00e3o humana; Marcos \u00e9 corretamente simbolizado pelo le\u00e3o, porque inicia com o clamor no deserto; Lucas \u00e9 bem simbolizado pelo bezerro, porque come\u00e7a com o sacrif\u00edcio; Jo\u00e3o \u00e9 simbolizado adequadamente pela \u00e1guia, porque come\u00e7a com a divindade do Verbo, dizendo: \u2018No princ\u00edpio era o Verbo, e o Verbo estava junto de Deus, e o Verbo era Deus\u2019 (Jo 1,1-2), e assim tem em vista a subst\u00e2ncia divina, fixando o olhar no sol \u00e0 maneira de uma \u00e1guia\u201d.<\/p>\n<p style=\"text-align: justify;\">No pr\u00f3ximo s\u00e1bado (19), a livraria realiza a palestra \u201cVamos falar de amor? \u2013 O amor nos relacionamentos\u201d. Mais informa\u00e7\u00f5es:<\/p>\n<p><strong>PAULUS Livraria de Bras\u00edlia\/DF<\/strong><\/p>\n<p>SCS \u2013 Q.1 \u2013 Bloco I<\/p>\n<p>Edif\u00edcio Central \u2013 Loja 15 &#8211; Asa Sul \u2013 Bras\u00edlia\/DF<\/p>\n<p>Tel.: (61) 3225-9847 \/ WhatsApp: (61) 98341.0228<\/p>\n<p>brasilia@paulus.com.br<\/p>\n<p>&nbsp;<\/p>\n","protected":false},"excerpt":{"rendered":"<p>A PAULUS Livraria de Bras\u00edlia promoveu, no \u00faltimo s\u00e1bado (12), a palestra \u201cJesus nos Quatro Evangelhos: Introdu\u00e7\u00e3o \u00e0 Cristologia dos Evangelhos Can\u00f4nicos\u201d. Participaram da forma\u00e7\u00e3o cerca de 20 pessoas. A palestra teve como objetivo responder \u00e0 quest\u00e3o \u201cquem \u00e9 Jesus?\u201d, pela \u00f3tica de cada um dos quatro evangelistas. O professor D. F. Izidro, mestrando em [&hellip;]<\/p>\n","protected":false},"author":3,"featured_media":37065,"comment_status":"open","ping_status":"open","sticky":false,"template":"","format":"standard","meta":{"_acf_changed":false,"footnotes":""},"categories":[15],"tags":[694,326,784,765,787,786,785],"class_list":["post-37063","post","type-post","status-publish","format-standard","has-post-thumbnail","hentry","category-noticias","tag-brasilia","tag-cafe-e-debate","tag-evangelistas","tag-sao-joao","tag-sao-lucas","tag-sao-marcos","tag-sao-mateus"],"acf":[],"aioseo_notices":[],"_links":{"self":[{"href":"https:\/\/www.paulus.com.br\/portal\/wp-json\/wp\/v2\/posts\/37063","targetHints":{"allow":["GET"]}}],"collection":[{"href":"https:\/\/www.paulus.com.br\/portal\/wp-json\/wp\/v2\/posts"}],"about":[{"href":"https:\/\/www.paulus.com.br\/portal\/wp-json\/wp\/v2\/types\/post"}],"author":[{"embeddable":true,"href":"https:\/\/www.paulus.com.br\/portal\/wp-json\/wp\/v2\/users\/3"}],"replies":[{"embeddable":true,"href":"https:\/\/www.paulus.com.br\/portal\/wp-json\/wp\/v2\/comments?post=37063"}],"version-history":[{"count":2,"href":"https:\/\/www.paulus.com.br\/portal\/wp-json\/wp\/v2\/posts\/37063\/revisions"}],"predecessor-version":[{"id":37067,"href":"https:\/\/www.paulus.com.br\/portal\/wp-json\/wp\/v2\/posts\/37063\/revisions\/37067"}],"wp:featuredmedia":[{"embeddable":true,"href":"https:\/\/www.paulus.com.br\/portal\/wp-json\/wp\/v2\/media\/37065"}],"wp:attachment":[{"href":"https:\/\/www.paulus.com.br\/portal\/wp-json\/wp\/v2\/media?parent=37063"}],"wp:term":[{"taxonomy":"category","embeddable":true,"href":"https:\/\/www.paulus.com.br\/portal\/wp-json\/wp\/v2\/categories?post=37063"},{"taxonomy":"post_tag","embeddable":true,"href":"https:\/\/www.paulus.com.br\/portal\/wp-json\/wp\/v2\/tags?post=37063"}],"curies":[{"name":"wp","href":"https:\/\/api.w.org\/{rel}","templated":true}]}}