{"id":37052,"date":"2017-08-15T14:06:54","date_gmt":"2017-08-15T17:06:54","guid":{"rendered":"https:\/\/www.paulus.com.br\/portal\/?p=37052"},"modified":"2017-08-15T14:06:54","modified_gmt":"2017-08-15T17:06:54","slug":"virgem-maria-a-luz-da-lumen-gentium-e-tema-de-debate-em-sao-paulo","status":"publish","type":"post","link":"https:\/\/www.paulus.com.br\/portal\/virgem-maria-a-luz-da-lumen-gentium-e-tema-de-debate-em-sao-paulo\/","title":{"rendered":"Virgem Maria \u00e0 luz da Lumen Gentium \u00e9 tema de debate em S\u00e3o Paulo"},"content":{"rendered":"<p style=\"text-align: justify;\">Como falar com a M\u00e3e de Deus nos dias atuais? Essa foi a proposta do curso promovido pela PAULUS Livraria da Raposo Tavares no \u00faltimo s\u00e1bado (12). Ministrado pelo Padre Rodrigo Silva Pereira, p\u00e1roco da Par\u00f3quia Nossa Senhora Aparecida de Osasco (SP) e apresentador da TV S\u00e9culo XXI, a forma\u00e7\u00e3o reuniu cerca 30 pessoas, entre padres, ministros e leigos.<\/p>\n<p style=\"text-align: justify;\">Padre Rodrigo procurou fazer uma reflex\u00e3o sobre a Sant\u00edssima Virgem Maria, \u00e0 luz do cap\u00edtulo VIII do documento <em>Lumen Gentium<\/em>. Durante o curso ele salientou a import\u00e2ncia da figura de Maria como m\u00e3e mediadora na vida da Igreja. Segundo ele, Maria \u00e9 a figura perfeita da Igreja, que tamb\u00e9m padece em meio \u00e0s dificuldades e anseios deste mundo, mas permanece fiel ao magist\u00e9rio e tradi\u00e7\u00e3o eclesiais para completar a obra salv\u00edfica ao povo eleito de Deus.<\/p>\n<p style=\"text-align: justify;\">A constitui\u00e7\u00e3o dogm\u00e1tica <em>Lumen Gentium<\/em> \u00e9 um dos documentos mais importantes produzidos durante o Conc\u00edlio Vaticano II, expressando um novo olhar sobre o mist\u00e9rio da Igreja. O texto busca responder \u00e0 quest\u00e3o: \u201cIgreja, quem dizes de ti mesma?\u201d. O documento \u00e9 dividido em oito cap\u00edtulos, abordando os seguintes temas: o mist\u00e9rio da Igreja; o povo de Deus; a hierarquia; os leigos; voca\u00e7\u00e3o para a santidade; os religiosos; a \u00edndole escatol\u00f3gica da Igreja e a Bem-Aventurada Virgem Maria, M\u00e3e de Deus no mist\u00e9rio de Cristo e da Igreja.<\/p>\n<p style=\"text-align: justify;\">Com o intuito de auxiliar na compress\u00e3o do documento, o Padre Antonio Jos\u00e9 de Almeida, doutor em Teologia na Pontif\u00edcia Universidade Gregoriana de Roma, redigiu a obra <em>Lumen Gentium: a transi\u00e7\u00e3o necess\u00e1ria<\/em>. O livro \u00e9 uma tentativa de lan\u00e7ar de novo a semente do Conc\u00edlio no solo da Igreja. Dessa maneira, o leitor encontrar\u00e1 reflex\u00f5es importantes sobre a transi\u00e7\u00e3o de uma Igreja comprometida com o poder para uma Igreja solid\u00e1ria com os pobres.<\/p>\n<p style=\"text-align: justify;\">No dia 21 de agosto, a PAULUS Livraria da Raposo Tavares ter\u00e1 uma programa\u00e7\u00e3o especial em comemora\u00e7\u00e3o ao anivers\u00e1rio da PAULUS. \u00c0s 9h30 haver\u00e1 uma missa presidida pelo bispo da diocese de Osasco, Dom Frei Jo\u00e3o Bosco, seguida de um coquetel. Na parte da tarde, a partir das 14h, acontece a palestra \u201cMagnificat: o c\u00e2ntico de Maria\u201d, ministrada pelo Pe. Ant\u00f4nio Torres, da diocese de Campo Limpo. Mais informa\u00e7\u00f5es:<\/p>\n<p><strong>PAULUS Livraria da Raposo Tavares\/SP<\/strong><\/p>\n<p>Via Raposo Tavares, Km 18,5<\/p>\n<p>Tel.: (11) 3789.4005 \/ WhatsApp: (11) 98751.2660<\/p>\n<p>raposotavares@paulus.com.br<\/p>\n","protected":false},"excerpt":{"rendered":"<p>Como falar com a M\u00e3e de Deus nos dias atuais? Essa foi a proposta do curso promovido pela PAULUS Livraria da Raposo Tavares no \u00faltimo s\u00e1bado (12). Ministrado pelo Padre Rodrigo Silva Pereira, p\u00e1roco da Par\u00f3quia Nossa Senhora Aparecida de Osasco (SP) e apresentador da TV S\u00e9culo XXI, a forma\u00e7\u00e3o reuniu cerca 30 pessoas, entre [&hellip;]<\/p>\n","protected":false},"author":3,"featured_media":37054,"comment_status":"open","ping_status":"open","sticky":false,"template":"","format":"standard","meta":{"_acf_changed":false,"footnotes":""},"categories":[15],"tags":[300,783,753,126],"class_list":["post-37052","post","type-post","status-publish","format-standard","has-post-thumbnail","hentry","category-noticias","tag-concilio-vaticano-ii","tag-lumen-gentium","tag-raposo-tavares","tag-virgem-maria"],"acf":[],"aioseo_notices":[],"_links":{"self":[{"href":"https:\/\/www.paulus.com.br\/portal\/wp-json\/wp\/v2\/posts\/37052","targetHints":{"allow":["GET"]}}],"collection":[{"href":"https:\/\/www.paulus.com.br\/portal\/wp-json\/wp\/v2\/posts"}],"about":[{"href":"https:\/\/www.paulus.com.br\/portal\/wp-json\/wp\/v2\/types\/post"}],"author":[{"embeddable":true,"href":"https:\/\/www.paulus.com.br\/portal\/wp-json\/wp\/v2\/users\/3"}],"replies":[{"embeddable":true,"href":"https:\/\/www.paulus.com.br\/portal\/wp-json\/wp\/v2\/comments?post=37052"}],"version-history":[{"count":1,"href":"https:\/\/www.paulus.com.br\/portal\/wp-json\/wp\/v2\/posts\/37052\/revisions"}],"predecessor-version":[{"id":37053,"href":"https:\/\/www.paulus.com.br\/portal\/wp-json\/wp\/v2\/posts\/37052\/revisions\/37053"}],"wp:featuredmedia":[{"embeddable":true,"href":"https:\/\/www.paulus.com.br\/portal\/wp-json\/wp\/v2\/media\/37054"}],"wp:attachment":[{"href":"https:\/\/www.paulus.com.br\/portal\/wp-json\/wp\/v2\/media?parent=37052"}],"wp:term":[{"taxonomy":"category","embeddable":true,"href":"https:\/\/www.paulus.com.br\/portal\/wp-json\/wp\/v2\/categories?post=37052"},{"taxonomy":"post_tag","embeddable":true,"href":"https:\/\/www.paulus.com.br\/portal\/wp-json\/wp\/v2\/tags?post=37052"}],"curies":[{"name":"wp","href":"https:\/\/api.w.org\/{rel}","templated":true}]}}