{"id":36980,"date":"2017-08-11T10:25:54","date_gmt":"2017-08-11T13:25:54","guid":{"rendered":"https:\/\/www.paulus.com.br\/portal\/?p=36980"},"modified":"2018-05-23T17:15:40","modified_gmt":"2018-05-23T20:15:40","slug":"livros-historicos-8-neemias","status":"publish","type":"post","link":"https:\/\/www.paulus.com.br\/portal\/livros-historicos-8-neemias\/","title":{"rendered":"Livros Hist\u00f3ricos 8. Neemias"},"content":{"rendered":"<p style=\"text-align: justify;\">Como vimos, Esdras e Neemias andam bem juntos, a ponto de, a princ\u00edpio, formarem um \u00fanico volume. Neemias, assim como Esdras, teria sido deportado para a Babil\u00f4nia e permanecido l\u00e1. Na Babil\u00f4nia exerceu o cargo de copeiro do rei persa, fun\u00e7\u00e3o muito pr\u00f3xima ao rei.<\/p>\n<blockquote>\n<p style=\"text-align: justify;\">Tendo sabido da situa\u00e7\u00e3o de abandono em que se encontrava a cidade de Jerusal\u00e9m, com os muros destru\u00eddos desde a tomada de Nabucodonosor, que deportou parte da popula\u00e7\u00e3o para a Babil\u00f4nia, ficou consternado com a situa\u00e7\u00e3o e solicitou permiss\u00e3o para voltar a Jerusal\u00e9m e reconstruir os muros da cidade.<\/p>\n<\/blockquote>\n<p style=\"text-align: justify;\">Nessa dif\u00edcil tarefa de reconstruir as muralhas da cidade, encontrou resist\u00eancia por parte do povo que n\u00e3o foi deportado e a recusa dos judeus de receber ajuda dos samaritanos. \u00c9 o eterno conflito entre judeus (sul) e samaritanos (norte). Outro problema foi o conflito entre os cativos, que se consideravam o \u201cverdadeiro povo de Deus porque n\u00e3o teriam sido afetados por certos problemas\u201d; e, por outro lado, o povo que n\u00e3o foi deportado, que se considerava o \u201cverdadeiro povo de Deus porque n\u00e3o se misturou com os povos e as culturas das na\u00e7\u00f5es imperiais\u201d.<\/p>\n<p style=\"text-align: justify;\">A reconstru\u00e7\u00e3o das muralhas causou certo impacto na popula\u00e7\u00e3o mais pobre. Neemias teve que enfrentar protestos na comunidade; por isso, mudou de estrat\u00e9gias e promoveu algumas reformas sociais para resgatar os direitos m\u00ednimos das pessoas simples e pobres. O cap\u00edtulo 5 nos mostra essa realidade sofrida do povo.<\/p>\n<p style=\"text-align: justify;\">Podemos dividir o livro de Neemias em tr\u00eas partes: 1) reconstru\u00e7\u00e3o das muralhas de Jerusal\u00e9m (1-7); 2) promulga\u00e7\u00e3o da lei de Esdras (8-9); 3) Neemias e a comunidade de Jerusal\u00e9m (10-13).<\/p>\n<blockquote>\n<p style=\"text-align: justify;\">Os cap\u00edtulos 1-7 v\u00e3o dar destaque para a pessoa e a obra de Neemias. Ao longo desses cap\u00edtulos, Neemias \u00e9 apresentado como pessoa consciente da sua miss\u00e3o e devoto da ajuda divina. Como governador nomeado de Jud\u00e1, Neemias teve for\u00e7a e coragem para levar em frente sua miss\u00e3o de reconstruir as muralhas da cidade. Foi homem de ra\u00edzes judaicas e de confian\u00e7a do imp\u00e9rio persa, isso facilitou seu trabalho.<\/p>\n<\/blockquote>\n<p style=\"text-align: justify;\">A segunda parte (8-9) apresenta a grande assembleia em torno da lei. O sacerdote Esdras preside uma solene liturgia numa pra\u00e7a em Jerusal\u00e9m, onde o povo est\u00e1 reunido e faz sua profiss\u00e3o de f\u00e9 no livro lido. Essa assembleia \u00e9 considerada como que o nascimento do juda\u00edsmo.<\/p>\n<p style=\"text-align: justify;\">A \u00faltima parte (10-13) traz a preocupa\u00e7\u00e3o de Neemias pela popula\u00e7\u00e3o escassa de Jerusal\u00e9m. Uma das propostas \u00e9 repovoar a cidade. Purificou o templo e expulsou dele os estrangeiros. Neemias n\u00e3o foi t\u00e3o dr\u00e1stico como Esdras, mas consegue o consentimento do povo de n\u00e3o realizar mais casamentos mistos (judeus com estrangeiros e vice-versa).<\/p>\n","protected":false},"excerpt":{"rendered":"<p>Como vimos, Esdras e Neemias andam bem juntos, a ponto de, a princ\u00edpio, formarem um \u00fanico volume. Neemias, assim como Esdras, teria sido deportado para a Babil\u00f4nia e permanecido l\u00e1. Na Babil\u00f4nia exerceu o cargo de copeiro do rei persa, fun\u00e7\u00e3o muito pr\u00f3xima ao rei. Tendo sabido da situa\u00e7\u00e3o de abandono em que se encontrava [&hellip;]<\/p>\n","protected":false},"author":16,"featured_media":0,"comment_status":"open","ping_status":"open","sticky":false,"template":"","format":"standard","meta":{"_acf_changed":false,"footnotes":""},"categories":[356],"tags":[],"class_list":["post-36980","post","type-post","status-publish","format-standard","hentry","category-colunista"],"acf":[],"aioseo_notices":[],"_links":{"self":[{"href":"https:\/\/www.paulus.com.br\/portal\/wp-json\/wp\/v2\/posts\/36980","targetHints":{"allow":["GET"]}}],"collection":[{"href":"https:\/\/www.paulus.com.br\/portal\/wp-json\/wp\/v2\/posts"}],"about":[{"href":"https:\/\/www.paulus.com.br\/portal\/wp-json\/wp\/v2\/types\/post"}],"author":[{"embeddable":true,"href":"https:\/\/www.paulus.com.br\/portal\/wp-json\/wp\/v2\/users\/16"}],"replies":[{"embeddable":true,"href":"https:\/\/www.paulus.com.br\/portal\/wp-json\/wp\/v2\/comments?post=36980"}],"version-history":[{"count":2,"href":"https:\/\/www.paulus.com.br\/portal\/wp-json\/wp\/v2\/posts\/36980\/revisions"}],"predecessor-version":[{"id":40895,"href":"https:\/\/www.paulus.com.br\/portal\/wp-json\/wp\/v2\/posts\/36980\/revisions\/40895"}],"wp:attachment":[{"href":"https:\/\/www.paulus.com.br\/portal\/wp-json\/wp\/v2\/media?parent=36980"}],"wp:term":[{"taxonomy":"category","embeddable":true,"href":"https:\/\/www.paulus.com.br\/portal\/wp-json\/wp\/v2\/categories?post=36980"},{"taxonomy":"post_tag","embeddable":true,"href":"https:\/\/www.paulus.com.br\/portal\/wp-json\/wp\/v2\/tags?post=36980"}],"curies":[{"name":"wp","href":"https:\/\/api.w.org\/{rel}","templated":true}]}}