{"id":36948,"date":"2017-08-10T08:30:16","date_gmt":"2017-08-10T11:30:16","guid":{"rendered":"https:\/\/www.paulus.com.br\/portal\/?p=36948"},"modified":"2017-08-09T15:15:25","modified_gmt":"2017-08-09T18:15:25","slug":"livro-sobre-francisco-de-assis-e-charles-de-foucauld-e-lancado-na-capital-cearense","status":"publish","type":"post","link":"https:\/\/www.paulus.com.br\/portal\/livro-sobre-francisco-de-assis-e-charles-de-foucauld-e-lancado-na-capital-cearense\/","title":{"rendered":"Livro sobre Francisco de Assis e Charles de Foucauld \u00e9 lan\u00e7ado na capital cearense"},"content":{"rendered":"<p style=\"text-align: justify;\">Na \u00faltima quinta-feira (3), a PAULUS Livraria de Fortaleza realizou o lan\u00e7amento do livro <em>Francisco de Assis e Charles de Foucauld: enamorados do Deus humanado<\/em>. O autor da obra, Dom Beto Breis, OFM, partilhou com as cerca de 80 pessoas presentes como foi o processo de cria\u00e7\u00e3o do livro.<\/p>\n<p><img loading=\"lazy\" decoding=\"async\" class=\"aligncenter wp-image-36949\" src=\"https:\/\/www.paulus.com.br\/portal\/wp-content\/uploads\/2017\/08\/IMG_20170803_102029004_HDR.jpg\" alt=\"\" width=\"750\" height=\"422\" \/><\/p>\n<p style=\"text-align: justify;\">Dom Beto Breis, nomeado bispo pelo Papa Francisco no in\u00edcio de 2016, teve a oportunidade de reencontrar ex-paroquianos da \u00e9poca em que era sacerdote na capital cearense.<\/p>\n<p style=\"text-align: justify;\">Durante a apresenta\u00e7\u00e3o da obra, Dom Beto relatou momentos da vida de Charles Foucauld, exibindo fotos de manuscritos, pertences pessoais e moradias. Em seguida, explicou a rela\u00e7\u00e3o entre a vida de S\u00e3o Francisco de Assis e a de Foucauld, apontando como a obra deste \u00faltimo se assemelha \u00e0 trajet\u00f3ria de Francisco. Houve um momento para fotos e aut\u00f3grafos com o autor, al\u00e9m de um coffee break.<\/p>\n<p><img loading=\"lazy\" decoding=\"async\" class=\"aligncenter wp-image-36950\" src=\"https:\/\/www.paulus.com.br\/portal\/wp-content\/uploads\/2017\/08\/IMG_20170803_104702247_HDR.jpg\" alt=\"\" width=\"750\" height=\"422\" \/><\/p>\n<p style=\"text-align: justify;\"><em>Francisco de Assis e Charles de Foucauld: enamorados do Deus humanado<\/em> retrata duas personagens da espiritualidade crist\u00e3. De um lado, S\u00e3o Francisco de Assis, um dos mais conhecidos santos da hist\u00f3ria da Igreja; de outro, o Bem-Aventurado Charles de Foucauld, beatificado pelo papa Bento XVI em novembro de 2005.<\/p>\n<p style=\"text-align: justify;\">Mesmo vivendo em tempos distintos, Dom Beto consegue mostrar que os dois s\u00e3o pr\u00f3ximos em um ponto: o fasc\u00ednio pelo mist\u00e9rio da Encarna\u00e7\u00e3o e o modo apaixonado e terno de seguir os passos daquele que, sendo Deus, forte e grande, fez-se fr\u00e1gil e pequeno para assumir a condi\u00e7\u00e3o humana. Al\u00e9m disso, o bispo franciscano mostra como S\u00e3o Francisco foi admirado por Charles.<\/p>\n<p><img loading=\"lazy\" decoding=\"async\" class=\"aligncenter wp-image-36952\" src=\"https:\/\/www.paulus.com.br\/portal\/wp-content\/uploads\/2017\/08\/IMG_20170803_112649394_BURST000_COVER.jpg\" alt=\"\" width=\"750\" height=\"422\" srcset=\"https:\/\/www.paulus.com.br\/portal\/wp-content\/uploads\/2017\/08\/IMG_20170803_112649394_BURST000_COVER.jpg 1599w, https:\/\/www.paulus.com.br\/portal\/wp-content\/uploads\/2017\/08\/IMG_20170803_112649394_BURST000_COVER-300x169.jpg 300w, https:\/\/www.paulus.com.br\/portal\/wp-content\/uploads\/2017\/08\/IMG_20170803_112649394_BURST000_COVER-768x432.jpg 768w, https:\/\/www.paulus.com.br\/portal\/wp-content\/uploads\/2017\/08\/IMG_20170803_112649394_BURST000_COVER-1024x576.jpg 1024w, https:\/\/www.paulus.com.br\/portal\/wp-content\/uploads\/2017\/08\/IMG_20170803_112649394_BURST000_COVER-120x68.jpg 120w, https:\/\/www.paulus.com.br\/portal\/wp-content\/uploads\/2017\/08\/IMG_20170803_112649394_BURST000_COVER-90x51.jpg 90w, https:\/\/www.paulus.com.br\/portal\/wp-content\/uploads\/2017\/08\/IMG_20170803_112649394_BURST000_COVER-180x101.jpg 180w\" sizes=\"auto, (max-width: 750px) 100vw, 750px\" \/><\/p>\n<p style=\"text-align: justify;\">No dia 12 de agosto acontece o primeiro encontro do curso \u201cEntendendo a Primeira Carta aos Tessalonicenses\u201d, que ser\u00e1 ministrado por Tania Maria Couto Maia, te\u00f3loga, mestra e doutora em Teologia B\u00edblica pela PUC-RJ, al\u00e9m de professora da Faculdade Cat\u00f3lica de Fortaleza e da Escola de Pastoral Catequ\u00e9tica. Mais informa\u00e7\u00f5es e inscri\u00e7\u00f5es:<\/p>\n<p><strong>PAULUS Livraria Fortaleza\/CE<\/strong><\/p>\n<p>Rua Floriano Peixoto, 523<\/p>\n<p>Pra\u00e7a do Ferreira \u2013 Centro \u2013 CEP: 60025-130<\/p>\n<p>Tel.: (85) 3252.4201 \u2013 WhatsApp: (85) 99859.0065<\/p>\n<p>fortaleza@paulus.com.br<\/p>\n","protected":false},"excerpt":{"rendered":"<p>Na \u00faltima quinta-feira (3), a PAULUS Livraria de Fortaleza realizou o lan\u00e7amento do livro Francisco de Assis e Charles de Foucauld: enamorados do Deus humanado. O autor da obra, Dom Beto Breis, OFM, partilhou com as cerca de 80 pessoas presentes como foi o processo de cria\u00e7\u00e3o do livro. Dom Beto Breis, nomeado bispo pelo [&hellip;]<\/p>\n","protected":false},"author":3,"featured_media":36950,"comment_status":"open","ping_status":"open","sticky":false,"template":"","format":"standard","meta":{"_acf_changed":false,"footnotes":""},"categories":[15],"tags":[781,782,688,780],"class_list":["post-36948","post","type-post","status-publish","format-standard","has-post-thumbnail","hentry","category-noticias","tag-charles-de-foucauld","tag-dom-beto-breis","tag-fortaleza","tag-sao-francisco-de-assis"],"acf":[],"aioseo_notices":[],"_links":{"self":[{"href":"https:\/\/www.paulus.com.br\/portal\/wp-json\/wp\/v2\/posts\/36948","targetHints":{"allow":["GET"]}}],"collection":[{"href":"https:\/\/www.paulus.com.br\/portal\/wp-json\/wp\/v2\/posts"}],"about":[{"href":"https:\/\/www.paulus.com.br\/portal\/wp-json\/wp\/v2\/types\/post"}],"author":[{"embeddable":true,"href":"https:\/\/www.paulus.com.br\/portal\/wp-json\/wp\/v2\/users\/3"}],"replies":[{"embeddable":true,"href":"https:\/\/www.paulus.com.br\/portal\/wp-json\/wp\/v2\/comments?post=36948"}],"version-history":[{"count":1,"href":"https:\/\/www.paulus.com.br\/portal\/wp-json\/wp\/v2\/posts\/36948\/revisions"}],"predecessor-version":[{"id":36953,"href":"https:\/\/www.paulus.com.br\/portal\/wp-json\/wp\/v2\/posts\/36948\/revisions\/36953"}],"wp:featuredmedia":[{"embeddable":true,"href":"https:\/\/www.paulus.com.br\/portal\/wp-json\/wp\/v2\/media\/36950"}],"wp:attachment":[{"href":"https:\/\/www.paulus.com.br\/portal\/wp-json\/wp\/v2\/media?parent=36948"}],"wp:term":[{"taxonomy":"category","embeddable":true,"href":"https:\/\/www.paulus.com.br\/portal\/wp-json\/wp\/v2\/categories?post=36948"},{"taxonomy":"post_tag","embeddable":true,"href":"https:\/\/www.paulus.com.br\/portal\/wp-json\/wp\/v2\/tags?post=36948"}],"curies":[{"name":"wp","href":"https:\/\/api.w.org\/{rel}","templated":true}]}}