{"id":36939,"date":"2017-08-09T09:55:58","date_gmt":"2017-08-09T12:55:58","guid":{"rendered":"https:\/\/www.paulus.com.br\/portal\/?p=36939"},"modified":"2017-08-09T09:55:58","modified_gmt":"2017-08-09T12:55:58","slug":"biblia-jovem-e-tema-de-estudo-do-workshop-biblico-em-brasilia","status":"publish","type":"post","link":"https:\/\/www.paulus.com.br\/portal\/biblia-jovem-e-tema-de-estudo-do-workshop-biblico-em-brasilia\/","title":{"rendered":"B\u00edblia Jovem \u00e9 tema de estudo do Workshop B\u00edblico, em Bras\u00edlia"},"content":{"rendered":"<p style=\"text-align: justify;\">No \u00faltimo s\u00e1bado (5), a PAULUS Livraria de Bras\u00edlia realizou o primeiro de tr\u00eas encontros do Workshop B\u00edblico. O evento reuniu cerca de 50 pessoas e teve como objetivo introduzir os jovens no estudo das Sagradas Escrituras. Al\u00e9m disso, os jovens tamb\u00e9m puderam conhecer o novo lan\u00e7amento da PAULUS Editora, a <strong>B\u00edblia Jovem<\/strong>.<\/p>\n<p><img loading=\"lazy\" decoding=\"async\" class=\"aligncenter wp-image-36940\" src=\"https:\/\/www.paulus.com.br\/portal\/wp-content\/uploads\/2017\/08\/IMG-20170805-WA0002-e1502283088740.jpg\" alt=\"\" width=\"750\" height=\"444\" srcset=\"https:\/\/www.paulus.com.br\/portal\/wp-content\/uploads\/2017\/08\/IMG-20170805-WA0002-e1502283088740.jpg 980w, https:\/\/www.paulus.com.br\/portal\/wp-content\/uploads\/2017\/08\/IMG-20170805-WA0002-e1502283088740-300x178.jpg 300w, https:\/\/www.paulus.com.br\/portal\/wp-content\/uploads\/2017\/08\/IMG-20170805-WA0002-e1502283088740-768x455.jpg 768w, https:\/\/www.paulus.com.br\/portal\/wp-content\/uploads\/2017\/08\/IMG-20170805-WA0002-e1502283088740-120x71.jpg 120w, https:\/\/www.paulus.com.br\/portal\/wp-content\/uploads\/2017\/08\/IMG-20170805-WA0002-e1502283088740-90x53.jpg 90w, https:\/\/www.paulus.com.br\/portal\/wp-content\/uploads\/2017\/08\/IMG-20170805-WA0002-e1502283088740-180x107.jpg 180w\" sizes=\"auto, (max-width: 750px) 100vw, 750px\" \/><\/p>\n<p style=\"text-align: justify;\">A forma\u00e7\u00e3o, conduzida pelos mission\u00e1rios respons\u00e1veis pelo YOUCAT Center Brasil, Jer\u00f4nimo Lauricio e Danilo Luiz, procurou apresentar o c\u00e2non das Escrituras e seu significado, utilizando a <strong>B\u00edblia Jovem<\/strong> como refer\u00eancia.<\/p>\n<p style=\"text-align: justify;\">A obra, que pertence \u00e0 cole\u00e7\u00e3o YOUCAT, foi elaborada por uma equipe formada por biblistas, doutores em Sagradas Escrituras, membros da Comiss\u00e3o Teol\u00f3gica Internacional da Santa S\u00e9 e professores do Pontif\u00edcio Instituto B\u00edblico de Roma. Pensada para o p\u00fablico jovem, o volume conta com ilustra\u00e7\u00f5es e imagens da Terra Santa, frases de santos e perguntas de jovens, que conferem leveza ao texto.<\/p>\n<p><img loading=\"lazy\" decoding=\"async\" class=\"aligncenter wp-image-36941\" src=\"https:\/\/www.paulus.com.br\/portal\/wp-content\/uploads\/2017\/08\/IMG-20170805-WA0019.jpg\" alt=\"\" width=\"750\" height=\"422\" \/><\/p>\n<p style=\"text-align: justify;\">O Papa Francisco foi o respons\u00e1vel por escrever o pref\u00e1cio da <strong>B\u00edblia Jovem<\/strong>, uma mensagem de encorajamento. \u201cVoc\u00eas t\u00eam nas m\u00e3os algo de divino: um livro como fogo, um livro no qual Deus fala. Por isso, recordem-se: a B\u00edblia n\u00e3o foi feita para ser colocada em uma prateleira, mas para ser levada nas m\u00e3os, para ser lida frequentemente, a cada dia, quer sozinhos, quer acompanhados\u201d, diz o pont\u00edfice.<\/p>\n<p style=\"text-align: justify;\">O pr\u00f3ximo encontro do Workshop B\u00edblico acontece no dia 2 de setembro, na PAULUS Livraria de Bras\u00edlia. A forma\u00e7\u00e3o pretende introduzir os participantes no estudo das alian\u00e7as b\u00edblicas. Mais informa\u00e7\u00f5es e inscri\u00e7\u00f5es:<\/p>\n<p><strong>PAULUS Livraria de Bras\u00edlia\/DF<\/strong><\/p>\n<p>SCS \u2013 Q.1 \u2013 Bloco I \u2013 Edif\u00edcio Central \u2013 Loja 15 \u2013 Asa Sul<\/p>\n<p>CEP: 70304-900 \/ Tel.: (61) 3225.9847 \u2013 WhatsApp: (61) 98341.0228<\/p>\n<p>brasilia@paulus.com.br<\/p>\n<p>&nbsp;<\/p>\n","protected":false},"excerpt":{"rendered":"<p>No \u00faltimo s\u00e1bado (5), a PAULUS Livraria de Bras\u00edlia realizou o primeiro de tr\u00eas encontros do Workshop B\u00edblico. O evento reuniu cerca de 50 pessoas e teve como objetivo introduzir os jovens no estudo das Sagradas Escrituras. Al\u00e9m disso, os jovens tamb\u00e9m puderam conhecer o novo lan\u00e7amento da PAULUS Editora, a B\u00edblia Jovem. A forma\u00e7\u00e3o, [&hellip;]<\/p>\n","protected":false},"author":3,"featured_media":36941,"comment_status":"open","ping_status":"open","sticky":false,"template":"","format":"standard","meta":{"_acf_changed":false,"footnotes":""},"categories":[15],"tags":[772,694,779,161],"class_list":["post-36939","post","type-post","status-publish","format-standard","has-post-thumbnail","hentry","category-noticias","tag-biblia-jovem","tag-brasilia","tag-workshop-biblico","tag-youcat"],"acf":[],"aioseo_notices":[],"_links":{"self":[{"href":"https:\/\/www.paulus.com.br\/portal\/wp-json\/wp\/v2\/posts\/36939","targetHints":{"allow":["GET"]}}],"collection":[{"href":"https:\/\/www.paulus.com.br\/portal\/wp-json\/wp\/v2\/posts"}],"about":[{"href":"https:\/\/www.paulus.com.br\/portal\/wp-json\/wp\/v2\/types\/post"}],"author":[{"embeddable":true,"href":"https:\/\/www.paulus.com.br\/portal\/wp-json\/wp\/v2\/users\/3"}],"replies":[{"embeddable":true,"href":"https:\/\/www.paulus.com.br\/portal\/wp-json\/wp\/v2\/comments?post=36939"}],"version-history":[{"count":2,"href":"https:\/\/www.paulus.com.br\/portal\/wp-json\/wp\/v2\/posts\/36939\/revisions"}],"predecessor-version":[{"id":36944,"href":"https:\/\/www.paulus.com.br\/portal\/wp-json\/wp\/v2\/posts\/36939\/revisions\/36944"}],"wp:featuredmedia":[{"embeddable":true,"href":"https:\/\/www.paulus.com.br\/portal\/wp-json\/wp\/v2\/media\/36941"}],"wp:attachment":[{"href":"https:\/\/www.paulus.com.br\/portal\/wp-json\/wp\/v2\/media?parent=36939"}],"wp:term":[{"taxonomy":"category","embeddable":true,"href":"https:\/\/www.paulus.com.br\/portal\/wp-json\/wp\/v2\/categories?post=36939"},{"taxonomy":"post_tag","embeddable":true,"href":"https:\/\/www.paulus.com.br\/portal\/wp-json\/wp\/v2\/tags?post=36939"}],"curies":[{"name":"wp","href":"https:\/\/api.w.org\/{rel}","templated":true}]}}