{"id":36850,"date":"2017-08-03T12:01:46","date_gmt":"2017-08-03T15:01:46","guid":{"rendered":"https:\/\/www.paulus.com.br\/portal\/?p=36850"},"modified":"2017-08-03T12:01:46","modified_gmt":"2017-08-03T15:01:46","slug":"psicopedagogia-catequetica-no-processo-da-iniciacao-crista-e-tema-de-curso-em-fortaleza","status":"publish","type":"post","link":"https:\/\/www.paulus.com.br\/portal\/psicopedagogia-catequetica-no-processo-da-iniciacao-crista-e-tema-de-curso-em-fortaleza\/","title":{"rendered":"Psicopedagogia catequ\u00e9tica no processo da inicia\u00e7\u00e3o crist\u00e3 \u00e9 tema de curso em Fortaleza"},"content":{"rendered":"<p style=\"text-align: justify;\">Nos dias 15, 22 e 29 de julho, a PAULUS Livraria de Fortaleza realizou o curso \u201cPsicopedagogia catequ\u00e9tica no processo da inicia\u00e7\u00e3o crist\u00e3\u201d. Durante os tr\u00eas encontros, cerca de 60 pessoas estiveram presentes, entre catequistas e interessados no tema.<\/p>\n<p style=\"text-align: justify;\">A forma\u00e7\u00e3o conduzida pelo Pe. Abimael Nascimento, mestre em Teologia pela Pontif\u00edcia Universidade Cat\u00f3lica de S\u00e3o Paulo, trabalhou os quatro livros da cole\u00e7\u00e3o <strong>Catequese conforme as idades<\/strong>. Cada obra \u00e9 voltada para um p\u00fablico especifico.<\/p>\n<p><img loading=\"lazy\" decoding=\"async\" class=\"aligncenter size-full wp-image-36852\" src=\"https:\/\/www.paulus.com.br\/portal\/wp-content\/uploads\/2017\/08\/IMG-20170729-WA00411.jpg\" alt=\"\" width=\"750\" height=\"450\" srcset=\"https:\/\/www.paulus.com.br\/portal\/wp-content\/uploads\/2017\/08\/IMG-20170729-WA00411.jpg 750w, https:\/\/www.paulus.com.br\/portal\/wp-content\/uploads\/2017\/08\/IMG-20170729-WA00411-300x180.jpg 300w, https:\/\/www.paulus.com.br\/portal\/wp-content\/uploads\/2017\/08\/IMG-20170729-WA00411-120x72.jpg 120w, https:\/\/www.paulus.com.br\/portal\/wp-content\/uploads\/2017\/08\/IMG-20170729-WA00411-90x54.jpg 90w, https:\/\/www.paulus.com.br\/portal\/wp-content\/uploads\/2017\/08\/IMG-20170729-WA00411-180x108.jpg 180w\" sizes=\"auto, (max-width: 750px) 100vw, 750px\" \/><\/p>\n<p style=\"text-align: justify;\">A cole\u00e7\u00e3o \u00e9 uma iniciativa que visa proporcionar capacita\u00e7\u00e3o aos catequistas para transmitir a f\u00e9 aos catequizandos, levando em considera\u00e7\u00e3o as etapas da pr\u00f3pria forma\u00e7\u00e3o humana. O material foi produzido com conte\u00fados te\u00f3ricos e viv\u00eancias, auxiliando os catequistas no aprendizado e facilitando sua reprodu\u00e7\u00e3o para as crian\u00e7as, jovens, adultos e idosos.<\/p>\n<p style=\"text-align: justify;\">Desenvolvida pelos padres Eduardo Calandro e Jord\u00e9lio Siles Ledo, <strong>Catequese Conforme as Idades<\/strong> \u00e9 uma necessidade para a a\u00e7\u00e3o evangelizadora da Igreja, fundamental para aqueles que desejam construir uma educa\u00e7\u00e3o cada vez mais embasada na f\u00e9 e nos ensinamentos de Cristo.<\/p>\n<p style=\"text-align: justify;\">A colet\u00e2nea \u00e9 composta pelos t\u00edtulos<em> Psicopedagogia catequ\u00e9tica \u2013 Reflex\u00f5es e viv\u00eancias para a catequese conforme as idades (vol. 1 \u2013 Crian\u00e7a); Psicopedagogia catequ\u00e9tica \u2013 Reflex\u00f5es e viv\u00eancias para a catequese conforme as idades (vol. 2 \u2013 Adolescentes e Jovens); Psicopedagogia catequ\u00e9tica \u2013 Reflex\u00f5es e viv\u00eancias para a catequese conforme as idades (vol. 3 \u2013 Adultos) <\/em>e<em> Psicopedagogia catequ\u00e9tica \u2013 Reflex\u00f5es e viv\u00eancias para a catequese conforme as idades (vol. 4 \u2013 Pessoas Idosas)<\/em>.<\/p>\n<p style=\"text-align: justify;\">No pr\u00f3ximo s\u00e1bado (5), a livraria promove o Semin\u00e1rio PAULUS de Educa\u00e7\u00e3o. O evento acontece na Faculdade Cat\u00f3lica de Fortaleza com o tema \u201cDi\u00e1logo entre comunica\u00e7\u00e3o, tecnologia e educa\u00e7\u00e3o\u201d. Mais informa\u00e7\u00f5es:<\/p>\n<p><strong>PAULUS Livraria da Fortaleza\/CE<\/strong><\/p>\n<p>Rua Floriano Peixoto, 523<\/p>\n<p>Pra\u00e7a do Ferreira \u2013 Centro \u2013 Fortaleza\/CE<\/p>\n<p>Tel.: (85) 3252.4201 | WhatsApp: 98135.3258<\/p>\n<p>fortaleza@paulus.com.br<\/p>\n","protected":false},"excerpt":{"rendered":"<p>Nos dias 15, 22 e 29 de julho, a PAULUS Livraria de Fortaleza realizou o curso \u201cPsicopedagogia catequ\u00e9tica no processo da inicia\u00e7\u00e3o crist\u00e3\u201d. Durante os tr\u00eas encontros, cerca de 60 pessoas estiveram presentes, entre catequistas e interessados no tema. A forma\u00e7\u00e3o conduzida pelo Pe. Abimael Nascimento, mestre em Teologia pela Pontif\u00edcia Universidade Cat\u00f3lica de S\u00e3o [&hellip;]<\/p>\n","protected":false},"author":3,"featured_media":36851,"comment_status":"open","ping_status":"open","sticky":false,"template":"","format":"standard","meta":{"_acf_changed":false,"footnotes":""},"categories":[15],"tags":[626,777,688,776,775],"class_list":["post-36850","post","type-post","status-publish","format-standard","has-post-thumbnail","hentry","category-noticias","tag-catequese","tag-catequese-conforme-as-idades","tag-fortaleza","tag-iniciacao-crista","tag-psicopedagogia"],"acf":[],"aioseo_notices":[],"_links":{"self":[{"href":"https:\/\/www.paulus.com.br\/portal\/wp-json\/wp\/v2\/posts\/36850","targetHints":{"allow":["GET"]}}],"collection":[{"href":"https:\/\/www.paulus.com.br\/portal\/wp-json\/wp\/v2\/posts"}],"about":[{"href":"https:\/\/www.paulus.com.br\/portal\/wp-json\/wp\/v2\/types\/post"}],"author":[{"embeddable":true,"href":"https:\/\/www.paulus.com.br\/portal\/wp-json\/wp\/v2\/users\/3"}],"replies":[{"embeddable":true,"href":"https:\/\/www.paulus.com.br\/portal\/wp-json\/wp\/v2\/comments?post=36850"}],"version-history":[{"count":1,"href":"https:\/\/www.paulus.com.br\/portal\/wp-json\/wp\/v2\/posts\/36850\/revisions"}],"predecessor-version":[{"id":36853,"href":"https:\/\/www.paulus.com.br\/portal\/wp-json\/wp\/v2\/posts\/36850\/revisions\/36853"}],"wp:featuredmedia":[{"embeddable":true,"href":"https:\/\/www.paulus.com.br\/portal\/wp-json\/wp\/v2\/media\/36851"}],"wp:attachment":[{"href":"https:\/\/www.paulus.com.br\/portal\/wp-json\/wp\/v2\/media?parent=36850"}],"wp:term":[{"taxonomy":"category","embeddable":true,"href":"https:\/\/www.paulus.com.br\/portal\/wp-json\/wp\/v2\/categories?post=36850"},{"taxonomy":"post_tag","embeddable":true,"href":"https:\/\/www.paulus.com.br\/portal\/wp-json\/wp\/v2\/tags?post=36850"}],"curies":[{"name":"wp","href":"https:\/\/api.w.org\/{rel}","templated":true}]}}