{"id":36799,"date":"2017-08-02T10:56:19","date_gmt":"2017-08-02T13:56:19","guid":{"rendered":"https:\/\/www.paulus.com.br\/portal\/?p=36799"},"modified":"2017-08-03T11:08:20","modified_gmt":"2017-08-03T14:08:20","slug":"lancamento-da-biblia-jovem-reune-centenas-de-jovens-em-fortaleza","status":"publish","type":"post","link":"https:\/\/www.paulus.com.br\/portal\/lancamento-da-biblia-jovem-reune-centenas-de-jovens-em-fortaleza\/","title":{"rendered":"Lan\u00e7amento da B\u00edblia Jovem re\u00fane centenas de Jovens em Fortaleza"},"content":{"rendered":"<p style=\"text-align: center;\"><em>\u201cComo eu gostaria que todos, principalmente os jovens, pudessem manusear a Sagrada Escritura com a mesma frequ\u00eancia e com o mesmo h\u00e1bito que manuseiam o celular.\u201d Papa Francisco<\/em><\/p>\n<p><img loading=\"lazy\" decoding=\"async\" class=\"aligncenter wp-image-36809\" src=\"https:\/\/www.paulus.com.br\/portal\/wp-content\/uploads\/2017\/08\/BJovem26.jpg\" alt=\"\" width=\"750\" height=\"498\" \/><\/p>\n<p style=\"text-align: justify;\">Atendendo aos apelos do Papa Francisco e com intuito de levar a palavra de Deus as pessoas, a PAULUS Livraria de Fortaleza, em parceria com o Setor da Juventude da Arquidiocese de Fortaleza e o Shopping RioMar Kennedy, realizou no dia 28 o lan\u00e7amento da <strong>B\u00edblia Jovem<\/strong>. \u00a0O evento aconteceu na pra\u00e7a de eventos do shopping e contou com a participa\u00e7\u00e3o de cerca de 1.000 pessoas.<\/p>\n<p style=\"text-align: justify;\">Durante o dia, os jovens presentes puderam desfrutar de uma programa\u00e7\u00e3o preparada especialmente para eles. Houve muita m\u00fasica, dan\u00e7a, louvor e ora\u00e7\u00e3o. A apresenta\u00e7\u00e3o do evento ficou por conta dos jovens Claima Aguiar e Herlon Macedo.<\/p>\n<p><img loading=\"lazy\" decoding=\"async\" class=\"aligncenter wp-image-36804\" src=\"https:\/\/www.paulus.com.br\/portal\/wp-content\/uploads\/2017\/08\/BJovem12.jpg\" alt=\"\" width=\"750\" height=\"498\" srcset=\"https:\/\/www.paulus.com.br\/portal\/wp-content\/uploads\/2017\/08\/BJovem12.jpg 960w, https:\/\/www.paulus.com.br\/portal\/wp-content\/uploads\/2017\/08\/BJovem12-300x199.jpg 300w, https:\/\/www.paulus.com.br\/portal\/wp-content\/uploads\/2017\/08\/BJovem12-768x510.jpg 768w, https:\/\/www.paulus.com.br\/portal\/wp-content\/uploads\/2017\/08\/BJovem12-120x80.jpg 120w, https:\/\/www.paulus.com.br\/portal\/wp-content\/uploads\/2017\/08\/BJovem12-90x60.jpg 90w, https:\/\/www.paulus.com.br\/portal\/wp-content\/uploads\/2017\/08\/BJovem12-180x119.jpg 180w\" sizes=\"auto, (max-width: 750px) 100vw, 750px\" \/><\/p>\n<p style=\"text-align: justify;\">Al\u00e9m de poder conhecer a nova obra da cole\u00e7\u00e3o YOUCAT, os jovens contaram com a presen\u00e7a ilustre da imagem peregrina de Nossa Senhora Aparecida, que foi levada pelo Setor da Juventude da Arquidiocese de Fortaleza.<\/p>\n<p style=\"text-align: justify;\">A peregrina\u00e7\u00e3o da imagem, que vem percorrendo diversas dioceses do pa\u00eds, come\u00e7ou logo ap\u00f3s sua primeira visita ao Rio de Janeiro em 1931, ainda quando a cidade carioca era a capital federal do Brasil. A viagem da imagem de Nossa Senhora Aparecida ao Rio aconteceu por ocasi\u00e3o de sua proclama\u00e7\u00e3o como \u201cRainha e Padroeira do Brasil\u201d.<\/p>\n<p><img loading=\"lazy\" decoding=\"async\" class=\"aligncenter wp-image-36807\" src=\"https:\/\/www.paulus.com.br\/portal\/wp-content\/uploads\/2017\/08\/BJovem23.jpg\" alt=\"\" width=\"750\" height=\"498\" srcset=\"https:\/\/www.paulus.com.br\/portal\/wp-content\/uploads\/2017\/08\/BJovem23.jpg 960w, https:\/\/www.paulus.com.br\/portal\/wp-content\/uploads\/2017\/08\/BJovem23-300x199.jpg 300w, https:\/\/www.paulus.com.br\/portal\/wp-content\/uploads\/2017\/08\/BJovem23-768x510.jpg 768w, https:\/\/www.paulus.com.br\/portal\/wp-content\/uploads\/2017\/08\/BJovem23-120x80.jpg 120w, https:\/\/www.paulus.com.br\/portal\/wp-content\/uploads\/2017\/08\/BJovem23-90x60.jpg 90w, https:\/\/www.paulus.com.br\/portal\/wp-content\/uploads\/2017\/08\/BJovem23-180x119.jpg 180w\" sizes=\"auto, (max-width: 750px) 100vw, 750px\" \/><\/p>\n<p style=\"text-align: justify;\">Desde ent\u00e3o, a imagem percorre in\u00fameros munic\u00edpios do Brasil e do exterior. Devido \u00e0s comemora\u00e7\u00f5es dos 300 anos da descoberta da imagem de Aparecida as peregrina\u00e7\u00f5es se intensificaram.<\/p>\n<p style=\"text-align: justify;\">O Irm\u00e3o Leandro Dutra e Frei Guilherme C\u00e9sar participaram de um bate-papo sobre a cole\u00e7\u00e3o YOUCAT, enfatizando a import\u00e2ncia da <strong>B\u00edblia Jovem<\/strong>. Frei Guilherme apresentou um panorama hist\u00f3rico do YOUCAT, apontando sua relev\u00e2ncia para a Igreja nos dias de hoje. Segundo ele, a <strong>B\u00edblia Jovem<\/strong> \u00e9 como uma porta para os jovens entrarem no mundo b\u00edblico. \u201cComo a B\u00edblia cont\u00e9m textos selecionados, ela tem o potencial de despertar interesse e curiosidade nos jovens, ou em qualquer pessoa que busca uma experi\u00eancia com a Palavra de Deus\u201d, afirmou.<\/p>\n<p><img loading=\"lazy\" decoding=\"async\" class=\"aligncenter wp-image-36806\" src=\"https:\/\/www.paulus.com.br\/portal\/wp-content\/uploads\/2017\/08\/BJovem18.jpg\" alt=\"\" width=\"750\" height=\"498\" srcset=\"https:\/\/www.paulus.com.br\/portal\/wp-content\/uploads\/2017\/08\/BJovem18.jpg 960w, https:\/\/www.paulus.com.br\/portal\/wp-content\/uploads\/2017\/08\/BJovem18-300x199.jpg 300w, https:\/\/www.paulus.com.br\/portal\/wp-content\/uploads\/2017\/08\/BJovem18-768x510.jpg 768w, https:\/\/www.paulus.com.br\/portal\/wp-content\/uploads\/2017\/08\/BJovem18-120x80.jpg 120w, https:\/\/www.paulus.com.br\/portal\/wp-content\/uploads\/2017\/08\/BJovem18-90x60.jpg 90w, https:\/\/www.paulus.com.br\/portal\/wp-content\/uploads\/2017\/08\/BJovem18-180x119.jpg 180w\" sizes=\"auto, (max-width: 750px) 100vw, 750px\" \/><\/p>\n<p style=\"text-align: justify;\">Outro ponto destacado durante o bate-papo foi a diversidade de opini\u00f5es e cita\u00e7\u00f5es de santos nas bordas da B\u00edblia, al\u00e9m dos coment\u00e1rios elaborados especialmente para o p\u00fablico que n\u00e3o teve ou tem um contato muito raso com a Sagrada Escritura.<\/p>\n<p style=\"text-align: justify;\">Frei Guilherme procurou destacar o pref\u00e1cio escrito pelo Papa Francisco. \u201cEu acredito que provavelmente ele estivesse pensando em Fortaleza quando o escreveu. Francisco convida os jovens para estudar e ler a palavra de Deus em grupos, da mesma forma que eles v\u00e3o ao shopping ou \u00e0 praia. O evento foi realizado no shopping e Fortaleza tem belas praias.\u201d<\/p>\n<p><img loading=\"lazy\" decoding=\"async\" class=\"aligncenter wp-image-36805\" src=\"https:\/\/www.paulus.com.br\/portal\/wp-content\/uploads\/2017\/08\/BJovem14.jpg\" alt=\"\" width=\"750\" height=\"498\" srcset=\"https:\/\/www.paulus.com.br\/portal\/wp-content\/uploads\/2017\/08\/BJovem14.jpg 960w, https:\/\/www.paulus.com.br\/portal\/wp-content\/uploads\/2017\/08\/BJovem14-300x199.jpg 300w, https:\/\/www.paulus.com.br\/portal\/wp-content\/uploads\/2017\/08\/BJovem14-768x510.jpg 768w, https:\/\/www.paulus.com.br\/portal\/wp-content\/uploads\/2017\/08\/BJovem14-120x80.jpg 120w, https:\/\/www.paulus.com.br\/portal\/wp-content\/uploads\/2017\/08\/BJovem14-90x60.jpg 90w, https:\/\/www.paulus.com.br\/portal\/wp-content\/uploads\/2017\/08\/BJovem14-180x119.jpg 180w\" sizes=\"auto, (max-width: 750px) 100vw, 750px\" \/><\/p>\n<p style=\"text-align: justify;\">O evento ainda contou com um momento de adora\u00e7\u00e3o ao Sant\u00edssimo e com a b\u00ean\u00e7\u00e3o eucar\u00edstica conduzida pelo Pe. Watson Fa\u00e7anha. Al\u00e9m disso, houve apresenta\u00e7\u00f5es de bandas cat\u00f3licas como Lord Metal, Miseric\u00f3rdia em Can\u00e7\u00e3o, Pr\u00e1 l\u00e1 e Pr\u00e1 C\u00e1, Minist\u00e9rio Totus Tuus, Projeto Louvor e Alegria e a cantora Ana Gabriela, da Comunidade Shalom.<\/p>\n<p><img loading=\"lazy\" decoding=\"async\" class=\"aligncenter wp-image-36808\" src=\"https:\/\/www.paulus.com.br\/portal\/wp-content\/uploads\/2017\/08\/BJovem24.jpg\" alt=\"\" width=\"750\" height=\"498\" srcset=\"https:\/\/www.paulus.com.br\/portal\/wp-content\/uploads\/2017\/08\/BJovem24.jpg 960w, https:\/\/www.paulus.com.br\/portal\/wp-content\/uploads\/2017\/08\/BJovem24-300x199.jpg 300w, https:\/\/www.paulus.com.br\/portal\/wp-content\/uploads\/2017\/08\/BJovem24-768x510.jpg 768w, https:\/\/www.paulus.com.br\/portal\/wp-content\/uploads\/2017\/08\/BJovem24-120x80.jpg 120w, https:\/\/www.paulus.com.br\/portal\/wp-content\/uploads\/2017\/08\/BJovem24-90x60.jpg 90w, https:\/\/www.paulus.com.br\/portal\/wp-content\/uploads\/2017\/08\/BJovem24-180x119.jpg 180w\" sizes=\"auto, (max-width: 750px) 100vw, 750px\" \/><\/p>\n<p style=\"text-align: justify;\">Na pr\u00f3xima quinta-feira (3), a PAULUS Livraria de Fortaleza realiza o lan\u00e7amento do livro, \u201cFrancisco de Assis e Charles de Foucauld: enamorados do Deus humanado\u201d. O evento ser\u00e1 \u00e0s 9hrs, com a presen\u00e7a de Dom Beto Breis, ofm, autor da obra. Mais informa\u00e7\u00f5es:<\/p>\n<p><strong>PAULUS Livraria de Fortaleza\/CE<\/strong><\/p>\n<p>Rua Floriano Peixoto, 523 \u2013 Pra\u00e7a do Ferreira \u2013 Centro.<\/p>\n<p>Tel.: (85) 3252.4201\/WhatsApp: (85) 99859.0065<\/p>\n<p>fortaleza@paulus.com.br<\/p>\n","protected":false},"excerpt":{"rendered":"<p>\u201cComo eu gostaria que todos, principalmente os jovens, pudessem manusear a Sagrada Escritura com a mesma frequ\u00eancia e com o mesmo h\u00e1bito que manuseiam o celular.\u201d Papa Francisco Atendendo aos apelos do Papa Francisco e com intuito de levar a palavra de Deus as pessoas, a PAULUS Livraria de Fortaleza, em parceria com o Setor [&hellip;]<\/p>\n","protected":false},"author":3,"featured_media":36802,"comment_status":"open","ping_status":"open","sticky":false,"template":"","format":"standard","meta":{"_acf_changed":false,"footnotes":""},"categories":[15],"tags":[774,772,688,686,773,161],"class_list":["post-36799","post","type-post","status-publish","format-standard","has-post-thumbnail","hentry","category-noticias","tag-arquidiocese-de-fortaleza","tag-biblia-jovem","tag-fortaleza","tag-papa-francisco","tag-setor-juventude","tag-youcat"],"acf":[],"aioseo_notices":[],"_links":{"self":[{"href":"https:\/\/www.paulus.com.br\/portal\/wp-json\/wp\/v2\/posts\/36799","targetHints":{"allow":["GET"]}}],"collection":[{"href":"https:\/\/www.paulus.com.br\/portal\/wp-json\/wp\/v2\/posts"}],"about":[{"href":"https:\/\/www.paulus.com.br\/portal\/wp-json\/wp\/v2\/types\/post"}],"author":[{"embeddable":true,"href":"https:\/\/www.paulus.com.br\/portal\/wp-json\/wp\/v2\/users\/3"}],"replies":[{"embeddable":true,"href":"https:\/\/www.paulus.com.br\/portal\/wp-json\/wp\/v2\/comments?post=36799"}],"version-history":[{"count":11,"href":"https:\/\/www.paulus.com.br\/portal\/wp-json\/wp\/v2\/posts\/36799\/revisions"}],"predecessor-version":[{"id":36843,"href":"https:\/\/www.paulus.com.br\/portal\/wp-json\/wp\/v2\/posts\/36799\/revisions\/36843"}],"wp:featuredmedia":[{"embeddable":true,"href":"https:\/\/www.paulus.com.br\/portal\/wp-json\/wp\/v2\/media\/36802"}],"wp:attachment":[{"href":"https:\/\/www.paulus.com.br\/portal\/wp-json\/wp\/v2\/media?parent=36799"}],"wp:term":[{"taxonomy":"category","embeddable":true,"href":"https:\/\/www.paulus.com.br\/portal\/wp-json\/wp\/v2\/categories?post=36799"},{"taxonomy":"post_tag","embeddable":true,"href":"https:\/\/www.paulus.com.br\/portal\/wp-json\/wp\/v2\/tags?post=36799"}],"curies":[{"name":"wp","href":"https:\/\/api.w.org\/{rel}","templated":true}]}}