{"id":36789,"date":"2017-08-02T09:43:02","date_gmt":"2017-08-02T12:43:02","guid":{"rendered":"https:\/\/www.paulus.com.br\/portal\/?p=36789"},"modified":"2017-08-02T09:43:02","modified_gmt":"2017-08-02T12:43:02","slug":"palestra-em-salvador-discute-a-importancia-da-tecnologia-para-a-evangelizacao","status":"publish","type":"post","link":"https:\/\/www.paulus.com.br\/portal\/palestra-em-salvador-discute-a-importancia-da-tecnologia-para-a-evangelizacao\/","title":{"rendered":"Palestra em Salvador discute a import\u00e2ncia da tecnologia para a evangeliza\u00e7\u00e3o"},"content":{"rendered":"<p style=\"text-align: justify;\">Na \u00faltima sexta-feira (28), a PAULUS Livraria de Salvador promoveu a palestra \u201cO Evangelho e os novos meios de evangeliza\u00e7\u00e3o\u201d. O evento contou com a presen\u00e7a de cerca de 30 pessoas, entre leigos e catequistas.<\/p>\n<p><img loading=\"lazy\" decoding=\"async\" class=\"aligncenter size-full wp-image-36791\" src=\"https:\/\/www.paulus.com.br\/portal\/wp-content\/uploads\/2017\/08\/IMG-20170728-WA0016.jpg\" alt=\"\" width=\"750\" height=\"422\" srcset=\"https:\/\/www.paulus.com.br\/portal\/wp-content\/uploads\/2017\/08\/IMG-20170728-WA0016.jpg 750w, https:\/\/www.paulus.com.br\/portal\/wp-content\/uploads\/2017\/08\/IMG-20170728-WA0016-300x169.jpg 300w, https:\/\/www.paulus.com.br\/portal\/wp-content\/uploads\/2017\/08\/IMG-20170728-WA0016-120x68.jpg 120w, https:\/\/www.paulus.com.br\/portal\/wp-content\/uploads\/2017\/08\/IMG-20170728-WA0016-90x51.jpg 90w, https:\/\/www.paulus.com.br\/portal\/wp-content\/uploads\/2017\/08\/IMG-20170728-WA0016-180x101.jpg 180w\" sizes=\"auto, (max-width: 750px) 100vw, 750px\" \/><\/p>\n<p style=\"text-align: justify;\">A forma\u00e7\u00e3o foi conduzida pelo Frei Mario S\u00e9rgio, Franciscano da Ordem dos Capuchinhos, professor e mestre em cultura e sociedade pela UFBA. Os participantes puderam debater sobre os novos desafios da evangeliza\u00e7\u00e3o por meio das diversas plataformas, observando as possibilidades, desafios e amea\u00e7as trazidas pelas novas tecnologias.<\/p>\n<p style=\"text-align: justify;\">Foram apresentados documentos oficiais da Igreja para um melhor entendimento do conte\u00fado proposto. O documento base foi o \u201cDiret\u00f3rio de Comunica\u00e7\u00e3o da Igreja no Brasil\u201d, que tem como objetivo motivar a Igreja a fazer uma reflex\u00e3o sobre a natureza e a import\u00e2ncia da comunica\u00e7\u00e3o para a vida da comunidade eclesial, nas rela\u00e7\u00f5es entre seus membros, nos processos de evangeliza\u00e7\u00e3o e no di\u00e1logo com a sociedade.<\/p>\n<p><img loading=\"lazy\" decoding=\"async\" class=\"aligncenter  wp-image-36792\" src=\"https:\/\/www.paulus.com.br\/portal\/wp-content\/uploads\/2017\/08\/IMG-20170728-WA0024-e1501677742333.jpg\" alt=\"\" width=\"749\" height=\"479\" \/><\/p>\n<p style=\"text-align: justify;\">Frei Mario S\u00e9rgio declarou que ferramentas como Facebook, YouTube e WhatsApp, al\u00e9m dos ve\u00edculos de comunica\u00e7\u00e3o tradicionais como r\u00e1dio e televis\u00e3o, s\u00e3o ferramentas fundamentais no trabalho de evangeliza\u00e7\u00e3o. Por meio delas \u00e9 poss\u00edvel romper barreiras da dist\u00e2ncia e aproximar aqueles que est\u00e3o na comunidade.<\/p>\n<p style=\"text-align: justify;\">Durante o evento foram indicadas algumas obras da PAULUS Editora como sugest\u00f5es de leitura: <em>O impacto da sociedade em rede sobre a Igreja Cat\u00f3lica: elementos para uma Cibereclesiologia<\/em>; <em>Conectados para o encontro: 10 passos para evangelizar nas redes sociais<\/em>; <em>M\u00eddia, religi\u00e3o e sociedade: das palavras \u00e0s redes digitais<\/em> e <em>Quando a f\u00e9 se torna social<\/em>. Todos esses livros podem ser adquiridos nas livrarias ou na Loja Virtual da PAULUS: www.paulus.com.br\/loja.<\/p>\n<p style=\"text-align: justify;\">O pr\u00f3ximo curso da livraria acontece no dia 5 de agosto e tem como tema \u201cM\u00eas da B\u00edblia: Entendendo a Primeira Carta aos Tessalonicenses\u201d. Mais informa\u00e7\u00f5es e inscri\u00e7\u00f5es:<\/p>\n<p><strong>PAULUS Livraria da Salvador\/BA<\/strong><\/p>\n<p>Rua Direita da Piedade, 75 \u2013 Barris \u2013 CEP: 40070-190<\/p>\n<p>Tel.: (71) 3321-0126 \/ WhatsApp: (71) 99197-8116<\/p>\n<p>salvador@paulus.com.br<\/p>\n","protected":false},"excerpt":{"rendered":"<p>Na \u00faltima sexta-feira (28), a PAULUS Livraria de Salvador promoveu a palestra \u201cO Evangelho e os novos meios de evangeliza\u00e7\u00e3o\u201d. O evento contou com a presen\u00e7a de cerca de 30 pessoas, entre leigos e catequistas. A forma\u00e7\u00e3o foi conduzida pelo Frei Mario S\u00e9rgio, Franciscano da Ordem dos Capuchinhos, professor e mestre em cultura e sociedade [&hellip;]<\/p>\n","protected":false},"author":3,"featured_media":36794,"comment_status":"open","ping_status":"open","sticky":false,"template":"","format":"standard","meta":{"_acf_changed":false,"footnotes":""},"categories":[15],"tags":[433,385,771,738,122],"class_list":["post-36789","post","type-post","status-publish","format-standard","has-post-thumbnail","hentry","category-noticias","tag-evangelho","tag-evangelizacao","tag-meios-de-comunicacao","tag-salvador","tag-tecnologia"],"acf":[],"aioseo_notices":[],"_links":{"self":[{"href":"https:\/\/www.paulus.com.br\/portal\/wp-json\/wp\/v2\/posts\/36789","targetHints":{"allow":["GET"]}}],"collection":[{"href":"https:\/\/www.paulus.com.br\/portal\/wp-json\/wp\/v2\/posts"}],"about":[{"href":"https:\/\/www.paulus.com.br\/portal\/wp-json\/wp\/v2\/types\/post"}],"author":[{"embeddable":true,"href":"https:\/\/www.paulus.com.br\/portal\/wp-json\/wp\/v2\/users\/3"}],"replies":[{"embeddable":true,"href":"https:\/\/www.paulus.com.br\/portal\/wp-json\/wp\/v2\/comments?post=36789"}],"version-history":[{"count":3,"href":"https:\/\/www.paulus.com.br\/portal\/wp-json\/wp\/v2\/posts\/36789\/revisions"}],"predecessor-version":[{"id":36795,"href":"https:\/\/www.paulus.com.br\/portal\/wp-json\/wp\/v2\/posts\/36789\/revisions\/36795"}],"wp:featuredmedia":[{"embeddable":true,"href":"https:\/\/www.paulus.com.br\/portal\/wp-json\/wp\/v2\/media\/36794"}],"wp:attachment":[{"href":"https:\/\/www.paulus.com.br\/portal\/wp-json\/wp\/v2\/media?parent=36789"}],"wp:term":[{"taxonomy":"category","embeddable":true,"href":"https:\/\/www.paulus.com.br\/portal\/wp-json\/wp\/v2\/categories?post=36789"},{"taxonomy":"post_tag","embeddable":true,"href":"https:\/\/www.paulus.com.br\/portal\/wp-json\/wp\/v2\/tags?post=36789"}],"curies":[{"name":"wp","href":"https:\/\/api.w.org\/{rel}","templated":true}]}}