{"id":36772,"date":"2017-08-01T10:21:35","date_gmt":"2017-08-01T13:21:35","guid":{"rendered":"https:\/\/www.paulus.com.br\/portal\/?p=36772"},"modified":"2017-08-01T10:21:35","modified_gmt":"2017-08-01T13:21:35","slug":"seminario-de-catequese-reune-cerca-de-cem-catequistas-em-sao-bernardo","status":"publish","type":"post","link":"https:\/\/www.paulus.com.br\/portal\/seminario-de-catequese-reune-cerca-de-cem-catequistas-em-sao-bernardo\/","title":{"rendered":"Semin\u00e1rio de Catequese re\u00fane cerca de cem catequistas em S\u00e3o Bernardo"},"content":{"rendered":"<p style=\"text-align: justify;\">A PAULUS Livraria de Santo Andr\u00e9 promoveu, na \u00faltima quinta-feira (27), o Semin\u00e1rio de Catequese. O evento reuniu cerca de 100 pessoas na Bas\u00edlica Menor de Nossa Senhora da Boa Viagem em S\u00e3o Bernardo do Campo.<\/p>\n<p><img loading=\"lazy\" decoding=\"async\" class=\"aligncenter size-full wp-image-36774\" src=\"https:\/\/www.paulus.com.br\/portal\/wp-content\/uploads\/2017\/08\/IMG-20170728-WA0017.jpg\" alt=\"\" width=\"750\" height=\"429\" srcset=\"https:\/\/www.paulus.com.br\/portal\/wp-content\/uploads\/2017\/08\/IMG-20170728-WA0017.jpg 750w, https:\/\/www.paulus.com.br\/portal\/wp-content\/uploads\/2017\/08\/IMG-20170728-WA0017-300x172.jpg 300w, https:\/\/www.paulus.com.br\/portal\/wp-content\/uploads\/2017\/08\/IMG-20170728-WA0017-120x69.jpg 120w, https:\/\/www.paulus.com.br\/portal\/wp-content\/uploads\/2017\/08\/IMG-20170728-WA0017-90x51.jpg 90w, https:\/\/www.paulus.com.br\/portal\/wp-content\/uploads\/2017\/08\/IMG-20170728-WA0017-180x103.jpg 180w\" sizes=\"auto, (max-width: 750px) 100vw, 750px\" \/><\/p>\n<p style=\"text-align: justify;\">Cristiane Ros\u00e1, assessora catequ\u00e9tica em diversas dioceses do pa\u00eds em parceria com a PAULUS, iniciou o curso com um momento de ora\u00e7\u00e3o. Em seguida, Cristiane ministrou a forma\u00e7\u00e3o sobre a nova metodologia dos manuais de catequese de Inicia\u00e7\u00e3o \u00e0 Vida Crist\u00e3 de Inspira\u00e7\u00e3o Catecumenal.<\/p>\n<p style=\"text-align: justify;\">A cole\u00e7\u00e3o, publicada pela PAULUS Editora e elaborada pela Diocese de Joinville em parceria com conceituados catequistas, busca atender ao apelo da Igreja de retornar \u00e0 catequese de Inicia\u00e7\u00e3o \u00e0 vida crist\u00e3 para Eucaristia e Crisma.<\/p>\n<p><img loading=\"lazy\" decoding=\"async\" class=\"aligncenter size-full wp-image-36773\" src=\"https:\/\/www.paulus.com.br\/portal\/wp-content\/uploads\/2017\/08\/IMG-20170728-WA0015.jpg\" alt=\"\" width=\"717\" height=\"450\" srcset=\"https:\/\/www.paulus.com.br\/portal\/wp-content\/uploads\/2017\/08\/IMG-20170728-WA0015.jpg 717w, https:\/\/www.paulus.com.br\/portal\/wp-content\/uploads\/2017\/08\/IMG-20170728-WA0015-300x188.jpg 300w, https:\/\/www.paulus.com.br\/portal\/wp-content\/uploads\/2017\/08\/IMG-20170728-WA0015-120x75.jpg 120w, https:\/\/www.paulus.com.br\/portal\/wp-content\/uploads\/2017\/08\/IMG-20170728-WA0015-90x56.jpg 90w, https:\/\/www.paulus.com.br\/portal\/wp-content\/uploads\/2017\/08\/IMG-20170728-WA0015-180x113.jpg 180w\" sizes=\"auto, (max-width: 717px) 100vw, 717px\" \/><\/p>\n<p style=\"text-align: justify;\">Segundo Dom Irineu Roque Scherer, bispo de Joinville, os livros s\u00e3o manuais de catequese que t\u00eam a preocupa\u00e7\u00e3o e o cuidado com a \u201clinguagem\u201d adequada \u00e0 cultura atual, especialmente para os adolescentes e jovens em prepara\u00e7\u00e3o ao sacramento da crisma. Dom Irineu aponta que a cole\u00e7\u00e3o foi desenvolvida seguindo as etapas do catecumenato.<\/p>\n<p style=\"text-align: justify;\">\u00a0O pr\u00f3ximo curso promovido pela livraria acontece no dia 19 de agosto, com o tema \u201cA voz e a escuta, o eu e o(a) outro(a): som do genu\u00edno\u201d. O encontro pretende despertar percep\u00e7\u00f5es sobre a arte do aconselhamento pastoral, em cen\u00e1rios que acolhem inquieta\u00e7\u00f5es e descobertas de sentidos na experi\u00eancia humana. Mais informa\u00e7\u00f5es e inscri\u00e7\u00f5es:<\/p>\n<p><strong>PAULUS Livraria de Santo Andr\u00e9\/SP<\/strong><\/p>\n<p>Rua Campos Sales, 255 \u2013 Centro<\/p>\n<p>CEP: 09015-200\/Tel.: (11) 4992.0623<\/p>\n<p>WhatsApp: (11) 98751.2307<\/p>\n<p>stoandre@paulus.com.br<\/p>\n","protected":false},"excerpt":{"rendered":"<p>A PAULUS Livraria de Santo Andr\u00e9 promoveu, na \u00faltima quinta-feira (27), o Semin\u00e1rio de Catequese. O evento reuniu cerca de 100 pessoas na Bas\u00edlica Menor de Nossa Senhora da Boa Viagem em S\u00e3o Bernardo do Campo. Cristiane Ros\u00e1, assessora catequ\u00e9tica em diversas dioceses do pa\u00eds em parceria com a PAULUS, iniciou o curso com um [&hellip;]<\/p>\n","protected":false},"author":3,"featured_media":36775,"comment_status":"open","ping_status":"open","sticky":false,"template":"","format":"standard","meta":{"_acf_changed":false,"footnotes":""},"categories":[15],"tags":[626,768,711,769,770,325,767],"class_list":["post-36772","post","type-post","status-publish","format-standard","has-post-thumbnail","hentry","category-noticias","tag-catequese","tag-catequistas","tag-crisma","tag-iniciacao-a-vida-crista","tag-joinville","tag-santo-andre","tag-seminario-de-catequese"],"acf":[],"aioseo_notices":[],"_links":{"self":[{"href":"https:\/\/www.paulus.com.br\/portal\/wp-json\/wp\/v2\/posts\/36772","targetHints":{"allow":["GET"]}}],"collection":[{"href":"https:\/\/www.paulus.com.br\/portal\/wp-json\/wp\/v2\/posts"}],"about":[{"href":"https:\/\/www.paulus.com.br\/portal\/wp-json\/wp\/v2\/types\/post"}],"author":[{"embeddable":true,"href":"https:\/\/www.paulus.com.br\/portal\/wp-json\/wp\/v2\/users\/3"}],"replies":[{"embeddable":true,"href":"https:\/\/www.paulus.com.br\/portal\/wp-json\/wp\/v2\/comments?post=36772"}],"version-history":[{"count":1,"href":"https:\/\/www.paulus.com.br\/portal\/wp-json\/wp\/v2\/posts\/36772\/revisions"}],"predecessor-version":[{"id":36776,"href":"https:\/\/www.paulus.com.br\/portal\/wp-json\/wp\/v2\/posts\/36772\/revisions\/36776"}],"wp:featuredmedia":[{"embeddable":true,"href":"https:\/\/www.paulus.com.br\/portal\/wp-json\/wp\/v2\/media\/36775"}],"wp:attachment":[{"href":"https:\/\/www.paulus.com.br\/portal\/wp-json\/wp\/v2\/media?parent=36772"}],"wp:term":[{"taxonomy":"category","embeddable":true,"href":"https:\/\/www.paulus.com.br\/portal\/wp-json\/wp\/v2\/categories?post=36772"},{"taxonomy":"post_tag","embeddable":true,"href":"https:\/\/www.paulus.com.br\/portal\/wp-json\/wp\/v2\/tags?post=36772"}],"curies":[{"name":"wp","href":"https:\/\/api.w.org\/{rel}","templated":true}]}}