{"id":36691,"date":"2017-07-26T11:37:18","date_gmt":"2017-07-26T14:37:18","guid":{"rendered":"https:\/\/www.paulus.com.br\/portal\/?p=36691"},"modified":"2017-07-26T11:37:18","modified_gmt":"2017-07-26T14:37:18","slug":"livraria-de-salvador-realiza-palestra-sobre-as-cartas-de-sao-joao","status":"publish","type":"post","link":"https:\/\/www.paulus.com.br\/portal\/livraria-de-salvador-realiza-palestra-sobre-as-cartas-de-sao-joao\/","title":{"rendered":"Livraria de Salvador realiza palestra sobre as cartas de S\u00e3o Jo\u00e3o"},"content":{"rendered":"<p style=\"text-align: justify;\">No \u00faltimo s\u00e1bado (22), a PAULUS Livraria de Salvador promoveu um estudo sobre as cartas de S\u00e3o Jo\u00e3o. Com o tema \u201cEntendendo as cartas joaninas\u201d, os cerca de 20 participantes puderam descobrir como as cartas foram escritas, suas motiva\u00e7\u00f5es, o per\u00edodo e as caracter\u00edsticas do povo daquela \u00e9poca.<\/p>\n<p><img loading=\"lazy\" decoding=\"async\" class=\"aligncenter size-full wp-image-36693\" src=\"https:\/\/www.paulus.com.br\/portal\/wp-content\/uploads\/2017\/07\/IMG-20170722-WA0019.jpg\" alt=\"\" width=\"750\" height=\"422\" srcset=\"https:\/\/www.paulus.com.br\/portal\/wp-content\/uploads\/2017\/07\/IMG-20170722-WA0019.jpg 750w, https:\/\/www.paulus.com.br\/portal\/wp-content\/uploads\/2017\/07\/IMG-20170722-WA0019-300x169.jpg 300w, https:\/\/www.paulus.com.br\/portal\/wp-content\/uploads\/2017\/07\/IMG-20170722-WA0019-120x68.jpg 120w, https:\/\/www.paulus.com.br\/portal\/wp-content\/uploads\/2017\/07\/IMG-20170722-WA0019-90x51.jpg 90w, https:\/\/www.paulus.com.br\/portal\/wp-content\/uploads\/2017\/07\/IMG-20170722-WA0019-180x101.jpg 180w\" sizes=\"auto, (max-width: 750px) 100vw, 750px\" \/><\/p>\n<p style=\"text-align: justify;\">A forma\u00e7\u00e3o foi ministrada pelo Padre Jairo de Jesus Menezes, mestre em Teologia Dogm\u00e1tica e professor de Teologia e Filosofia na Universidade Cat\u00f3lica do Salvador. Para aprofundar os estudos, os cursistas receberam como material de apoio o livro <em>Esperan\u00e7a de um povo que luta \u2013 O Apocalipse de S\u00e3o Jo\u00e3o: uma chave de leitura<\/em>, de Carlos Mesters, publicado pela PAULUS Editora.<\/p>\n<p style=\"text-align: justify;\">Considerado um dos livros mais enigm\u00e1ticos da B\u00edblia, o Apocalipse carrega em suas p\u00e1ginas vis\u00f5es, profecias e revela\u00e7\u00f5es sobre o fim dos tempos. Muitos estudiosos e leigos fazem diversas interpreta\u00e7\u00f5es sobre os escritos, cada um \u00e0 sua maneira.<\/p>\n<p><img loading=\"lazy\" decoding=\"async\" class=\"aligncenter size-full wp-image-36692\" src=\"https:\/\/www.paulus.com.br\/portal\/wp-content\/uploads\/2017\/07\/IMG-20170722-WA0012.jpg\" alt=\"\" width=\"750\" height=\"422\" srcset=\"https:\/\/www.paulus.com.br\/portal\/wp-content\/uploads\/2017\/07\/IMG-20170722-WA0012.jpg 750w, https:\/\/www.paulus.com.br\/portal\/wp-content\/uploads\/2017\/07\/IMG-20170722-WA0012-300x169.jpg 300w, https:\/\/www.paulus.com.br\/portal\/wp-content\/uploads\/2017\/07\/IMG-20170722-WA0012-120x68.jpg 120w, https:\/\/www.paulus.com.br\/portal\/wp-content\/uploads\/2017\/07\/IMG-20170722-WA0012-90x51.jpg 90w, https:\/\/www.paulus.com.br\/portal\/wp-content\/uploads\/2017\/07\/IMG-20170722-WA0012-180x101.jpg 180w\" sizes=\"auto, (max-width: 750px) 100vw, 750px\" \/><\/p>\n<p style=\"text-align: justify;\">Procurando ser fiel aos ensinamentos da Igreja, Carlos Mesters busca indicar uma chave de leitura para o livro. Dividida em sete cap\u00edtulos, a obra contextualiza a \u00e9poca em que o Apocalipse foi escrito. Nas primeiras p\u00e1ginas, o autor relata as persegui\u00e7\u00f5es sofridas pelos crist\u00e3os entre os anos 90 e 100 d.C., explicando claramente, sempre com base em trechos da B\u00edblia, para quem foi escrito o livro, quem o escreveu e o que o Apocalipse tem a dizer as comunidades.<\/p>\n<p style=\"text-align: justify;\">No dia pr\u00f3ximo s\u00e1bado (28), a livraria de Salvador realiza a palestra \u201cConectados para o encontro \u2013 O Evangelho e os novos meios de evangeliza\u00e7\u00e3o\u201d, propondo discutir as novas plataformas de comunica\u00e7\u00e3o e como esses meios podem ser utilizados a servi\u00e7o do Evangelho.<\/p>\n<p>Mais informa\u00e7\u00f5es e inscri\u00e7\u00f5es:<\/p>\n<p><strong>PAULUS Livraria da Salvador\/BA<\/strong><\/p>\n<p>Rua Direita da Piedade, 75 \u2014 Barris \u2013 CEP: 40070-190<\/p>\n<p>Tel.: (71) 3321 0126 \/ WhatsApp: (71) 99197-8116<\/p>\n<p>salvador@paulus.com.br<\/p>\n","protected":false},"excerpt":{"rendered":"<p>No \u00faltimo s\u00e1bado (22), a PAULUS Livraria de Salvador promoveu um estudo sobre as cartas de S\u00e3o Jo\u00e3o. Com o tema \u201cEntendendo as cartas joaninas\u201d, os cerca de 20 participantes puderam descobrir como as cartas foram escritas, suas motiva\u00e7\u00f5es, o per\u00edodo e as caracter\u00edsticas do povo daquela \u00e9poca. A forma\u00e7\u00e3o foi ministrada pelo Padre Jairo [&hellip;]<\/p>\n","protected":false},"author":3,"featured_media":36695,"comment_status":"open","ping_status":"open","sticky":false,"template":"","format":"standard","meta":{"_acf_changed":false,"footnotes":""},"categories":[15],"tags":[766,738,765],"class_list":["post-36691","post","type-post","status-publish","format-standard","has-post-thumbnail","hentry","category-noticias","tag-cartas-joaninas","tag-salvador","tag-sao-joao"],"acf":[],"aioseo_notices":[],"_links":{"self":[{"href":"https:\/\/www.paulus.com.br\/portal\/wp-json\/wp\/v2\/posts\/36691","targetHints":{"allow":["GET"]}}],"collection":[{"href":"https:\/\/www.paulus.com.br\/portal\/wp-json\/wp\/v2\/posts"}],"about":[{"href":"https:\/\/www.paulus.com.br\/portal\/wp-json\/wp\/v2\/types\/post"}],"author":[{"embeddable":true,"href":"https:\/\/www.paulus.com.br\/portal\/wp-json\/wp\/v2\/users\/3"}],"replies":[{"embeddable":true,"href":"https:\/\/www.paulus.com.br\/portal\/wp-json\/wp\/v2\/comments?post=36691"}],"version-history":[{"count":2,"href":"https:\/\/www.paulus.com.br\/portal\/wp-json\/wp\/v2\/posts\/36691\/revisions"}],"predecessor-version":[{"id":36696,"href":"https:\/\/www.paulus.com.br\/portal\/wp-json\/wp\/v2\/posts\/36691\/revisions\/36696"}],"wp:featuredmedia":[{"embeddable":true,"href":"https:\/\/www.paulus.com.br\/portal\/wp-json\/wp\/v2\/media\/36695"}],"wp:attachment":[{"href":"https:\/\/www.paulus.com.br\/portal\/wp-json\/wp\/v2\/media?parent=36691"}],"wp:term":[{"taxonomy":"category","embeddable":true,"href":"https:\/\/www.paulus.com.br\/portal\/wp-json\/wp\/v2\/categories?post=36691"},{"taxonomy":"post_tag","embeddable":true,"href":"https:\/\/www.paulus.com.br\/portal\/wp-json\/wp\/v2\/tags?post=36691"}],"curies":[{"name":"wp","href":"https:\/\/api.w.org\/{rel}","templated":true}]}}