{"id":36677,"date":"2017-07-25T14:40:51","date_gmt":"2017-07-25T17:40:51","guid":{"rendered":"https:\/\/www.paulus.com.br\/portal\/?p=36677"},"modified":"2017-07-28T10:38:48","modified_gmt":"2017-07-28T13:38:48","slug":"curso-em-sao-luis-ajuda-pessoas-a-perder-o-medo-de-falar-em-publico","status":"publish","type":"post","link":"https:\/\/www.paulus.com.br\/portal\/curso-em-sao-luis-ajuda-pessoas-a-perder-o-medo-de-falar-em-publico\/","title":{"rendered":"Curso em S\u00e3o Lu\u00eds ajuda pessoas a perder o medo de falar em p\u00fablico"},"content":{"rendered":"<p style=\"text-align: justify;\">Falar em p\u00fablico, para boa parte da popula\u00e7\u00e3o, \u00e9 pior do que morrer. Cerca de 40% dos participantes de uma pesquisa realizada com 3 mil pessoas pelo jornal ingl\u00eas <em>Sunday Times<\/em> preferiam morrer a falar em p\u00fablico. A entrevista pedia que os indiv\u00edduos listassem, em ordem, quais eram seus maiores medos.<\/p>\n<p style=\"text-align: justify;\">Este medo pode interferir tanto na vida pessoal como na profissional, j\u00e1 que boa parte dos recrutadores de empresas busca nos candidatos certo dom\u00ednio da comunica\u00e7\u00e3o oral e talento para apresenta\u00e7\u00e3o. Os dados foram retirados de uma pesquisa feita com cerca de 600 empregadores em 2014, que apontava as principais habilidades que as empresas procuram.<\/p>\n<p style=\"text-align: justify;\">Para ajudar as pessoas a perder esse temor, a PAULUS Livraria de S\u00e3o Lu\u00eds promoveu, no \u00faltimo s\u00e1bado (22), o curso \u201cEu! Falando em p\u00fablico? Sim. Agora \u00e9 a sua vez\u201d. O evento reuniu aproximadamente 40 pessoas.<\/p>\n<p style=\"text-align: justify;\"><img loading=\"lazy\" decoding=\"async\" class=\"aligncenter size-full wp-image-36735\" src=\"https:\/\/www.paulus.com.br\/portal\/wp-content\/uploads\/2017\/07\/oratoria-2.jpg\" alt=\"\" width=\"1200\" height=\"628\" srcset=\"https:\/\/www.paulus.com.br\/portal\/wp-content\/uploads\/2017\/07\/oratoria-2.jpg 1200w, https:\/\/www.paulus.com.br\/portal\/wp-content\/uploads\/2017\/07\/oratoria-2-300x157.jpg 300w, https:\/\/www.paulus.com.br\/portal\/wp-content\/uploads\/2017\/07\/oratoria-2-768x402.jpg 768w, https:\/\/www.paulus.com.br\/portal\/wp-content\/uploads\/2017\/07\/oratoria-2-1024x536.jpg 1024w, https:\/\/www.paulus.com.br\/portal\/wp-content\/uploads\/2017\/07\/oratoria-2-120x63.jpg 120w, https:\/\/www.paulus.com.br\/portal\/wp-content\/uploads\/2017\/07\/oratoria-2-90x47.jpg 90w, https:\/\/www.paulus.com.br\/portal\/wp-content\/uploads\/2017\/07\/oratoria-2-180x94.jpg 180w\" sizes=\"auto, (max-width: 1200px) 100vw, 1200px\" \/><\/p>\n<p style=\"text-align: justify;\">A pedagoga Flavyandressa Lobato S\u00e1 conduziu os participantes em uma din\u00e2mica na qual eles se apresentaram apontando suas maiores dificuldades em rela\u00e7\u00e3o \u00e0 comunica\u00e7\u00e3o. Em seguida, foram trabalhados alguns t\u00f3picos do livro <em>Eu! Falando em p\u00fablico? Sim. Agora \u00e9 a sua vez<\/em>, que d\u00e1 o nome ao curso. No final os cursistas colocaram em pr\u00e1tica todo o aprendizado.<\/p>\n<p style=\"text-align: justify;\">A obra <em>Eu! Falando em p\u00fablico? \u2013 Sim. Agora \u00e9 a sua vez<\/em>, de autoria de S\u00edlvio Luzardo, re\u00fane 96 relatos de pessoas que venceram o medo e superaram a dificuldade de falar em p\u00fablico. Em cada relato o autor aponta li\u00e7\u00f5es e testes para verificar a habilidade de comunica\u00e7\u00e3o do leitor.<\/p>\n<p style=\"text-align: justify;\">A livraria de S\u00e3o Lu\u00eds realiza no dia 12 de agosto o curso \u201cIndisciplina na sala de aula: \u00e9 hora de falarmos de responsabilidade\u201d. O curso ser\u00e1 ministrado por Emanuel Itayron Martins Sousa, graduado em Filosofia pelo Instituto de Estudos Superiores do Maranh\u00e3o, p\u00f3s-graduado em Psicopedagogia Cl\u00ednica e Institucional pelo Instituto de Ensino Superior Franciscano (IESF) e em L\u00f3gica e Ci\u00eancias Cognitivas pela Universidade Federal do Maranh\u00e3o (UFMA).<\/p>\n<p>Mais informa\u00e7\u00f5es e inscri\u00e7\u00f5es:<\/p>\n<p><strong>PAULUS Livraria de S\u00e3o Lu\u00eds\/MA<\/strong><\/p>\n<p>Rua do Passeio, 229 \u2014 Centro<\/p>\n<p>Tel.: (98) 3231.2665<\/p>\n<p>WhatsApp: (98) 98280.0004<\/p>\n<p>saoluis@paulus.com.br<\/p>\n","protected":false},"excerpt":{"rendered":"<p>Falar em p\u00fablico, para boa parte da popula\u00e7\u00e3o, \u00e9 pior do que morrer. Cerca de 40% dos participantes de uma pesquisa realizada com 3 mil pessoas pelo jornal ingl\u00eas Sunday Times preferiam morrer a falar em p\u00fablico. A entrevista pedia que os indiv\u00edduos listassem, em ordem, quais eram seus maiores medos. Este medo pode interferir [&hellip;]<\/p>\n","protected":false},"author":3,"featured_media":36681,"comment_status":"open","ping_status":"open","sticky":false,"template":"","format":"standard","meta":{"_acf_changed":false,"footnotes":""},"categories":[15],"tags":[764,763],"class_list":["post-36677","post","type-post","status-publish","format-standard","has-post-thumbnail","hentry","category-noticias","tag-medo-de-falar-em-publico","tag-sao-luis"],"acf":[],"aioseo_notices":[],"_links":{"self":[{"href":"https:\/\/www.paulus.com.br\/portal\/wp-json\/wp\/v2\/posts\/36677","targetHints":{"allow":["GET"]}}],"collection":[{"href":"https:\/\/www.paulus.com.br\/portal\/wp-json\/wp\/v2\/posts"}],"about":[{"href":"https:\/\/www.paulus.com.br\/portal\/wp-json\/wp\/v2\/types\/post"}],"author":[{"embeddable":true,"href":"https:\/\/www.paulus.com.br\/portal\/wp-json\/wp\/v2\/users\/3"}],"replies":[{"embeddable":true,"href":"https:\/\/www.paulus.com.br\/portal\/wp-json\/wp\/v2\/comments?post=36677"}],"version-history":[{"count":5,"href":"https:\/\/www.paulus.com.br\/portal\/wp-json\/wp\/v2\/posts\/36677\/revisions"}],"predecessor-version":[{"id":36736,"href":"https:\/\/www.paulus.com.br\/portal\/wp-json\/wp\/v2\/posts\/36677\/revisions\/36736"}],"wp:featuredmedia":[{"embeddable":true,"href":"https:\/\/www.paulus.com.br\/portal\/wp-json\/wp\/v2\/media\/36681"}],"wp:attachment":[{"href":"https:\/\/www.paulus.com.br\/portal\/wp-json\/wp\/v2\/media?parent=36677"}],"wp:term":[{"taxonomy":"category","embeddable":true,"href":"https:\/\/www.paulus.com.br\/portal\/wp-json\/wp\/v2\/categories?post=36677"},{"taxonomy":"post_tag","embeddable":true,"href":"https:\/\/www.paulus.com.br\/portal\/wp-json\/wp\/v2\/tags?post=36677"}],"curies":[{"name":"wp","href":"https:\/\/api.w.org\/{rel}","templated":true}]}}