{"id":36647,"date":"2017-07-24T14:45:24","date_gmt":"2017-07-24T17:45:24","guid":{"rendered":"https:\/\/www.paulus.com.br\/portal\/?p=36647"},"modified":"2017-07-24T14:45:24","modified_gmt":"2017-07-24T17:45:24","slug":"estudo-sobre-docat-como-agir-reune-jovens-na-livraria-de-aracaju","status":"publish","type":"post","link":"https:\/\/www.paulus.com.br\/portal\/estudo-sobre-docat-como-agir-reune-jovens-na-livraria-de-aracaju\/","title":{"rendered":"Estudo sobre DOCAT \u2013 Como Agir? re\u00fane jovens na livraria de Aracaju"},"content":{"rendered":"<p style=\"text-align: justify;\">No \u00faltimo s\u00e1bado (22), cerca de 40 pessoas, entre catequistas, agentes de pastorais e lideran\u00e7as jovens, participaram da forma\u00e7\u00e3o sobre o livro <em>DOCAT \u2013 Como agir?<\/em>, na PAULUS Livraria de Aracaju.<\/p>\n<p><img loading=\"lazy\" decoding=\"async\" class=\"aligncenter size-full wp-image-36650\" src=\"https:\/\/www.paulus.com.br\/portal\/wp-content\/uploads\/2017\/07\/2017-07-22-PHOTO-00000066.jpg\" alt=\"\" width=\"750\" height=\"422\" srcset=\"https:\/\/www.paulus.com.br\/portal\/wp-content\/uploads\/2017\/07\/2017-07-22-PHOTO-00000066.jpg 750w, https:\/\/www.paulus.com.br\/portal\/wp-content\/uploads\/2017\/07\/2017-07-22-PHOTO-00000066-300x169.jpg 300w, https:\/\/www.paulus.com.br\/portal\/wp-content\/uploads\/2017\/07\/2017-07-22-PHOTO-00000066-120x68.jpg 120w, https:\/\/www.paulus.com.br\/portal\/wp-content\/uploads\/2017\/07\/2017-07-22-PHOTO-00000066-90x51.jpg 90w, https:\/\/www.paulus.com.br\/portal\/wp-content\/uploads\/2017\/07\/2017-07-22-PHOTO-00000066-180x101.jpg 180w\" sizes=\"auto, (max-width: 750px) 100vw, 750px\" \/><\/p>\n<p style=\"text-align: justify;\">Padre F\u00e1bio Negromonte, p\u00e1roco da Igreja de Santo Amaro na Arquidiocese de Aracaju e articulador da juventude no vicariato S\u00e3o Jo\u00e3o Evangelista, apresentou de forma clara a tradu\u00e7\u00e3o popular da Doutrina Social da Igreja Cat\u00f3lica, debatendo pontos importantes como Igreja e sociedade, fam\u00edlia e trabalho humano.<\/p>\n<p style=\"text-align: justify;\">A Doutrina Social da Igreja surgiu da jun\u00e7\u00e3o de uma s\u00e9rie de enc\u00edclicas publicadas desde o s\u00e9culo XIX. A express\u00e3o determina o conjunto de diretrizes da Igreja para os temas sociais. O Papa Le\u00e3o XIII, buscando denunciar a situa\u00e7\u00e3o dos trabalhadores das f\u00e1bricas, al\u00e9m da mis\u00e9ria que atingia a popula\u00e7\u00e3o durante a Revolu\u00e7\u00e3o Industrial, publicou a enc\u00edclica <em>Rerum Novarum<\/em> (1981), considerado o primeiro grande documento da Doutrina Social da Igreja.<\/p>\n<p style=\"text-align: justify;\">Outros pont\u00edfices publicaram enc\u00edclicas e mensagens referentes aos problemas sociais, mas somente em 2004 foi publicado o <em>Comp\u00eandio de Doutrina Social<\/em>. Organizado pelo Pontif\u00edcio Conselho Justi\u00e7a e Paz, ele se tornou o documento referencial sobre o tema.<\/p>\n<p><img loading=\"lazy\" decoding=\"async\" class=\"aligncenter size-full wp-image-36651\" src=\"https:\/\/www.paulus.com.br\/portal\/wp-content\/uploads\/2017\/07\/2017-07-22-PHOTO-00000068.jpg\" alt=\"\" width=\"750\" height=\"422\" srcset=\"https:\/\/www.paulus.com.br\/portal\/wp-content\/uploads\/2017\/07\/2017-07-22-PHOTO-00000068.jpg 750w, https:\/\/www.paulus.com.br\/portal\/wp-content\/uploads\/2017\/07\/2017-07-22-PHOTO-00000068-300x169.jpg 300w, https:\/\/www.paulus.com.br\/portal\/wp-content\/uploads\/2017\/07\/2017-07-22-PHOTO-00000068-120x68.jpg 120w, https:\/\/www.paulus.com.br\/portal\/wp-content\/uploads\/2017\/07\/2017-07-22-PHOTO-00000068-90x51.jpg 90w, https:\/\/www.paulus.com.br\/portal\/wp-content\/uploads\/2017\/07\/2017-07-22-PHOTO-00000068-180x101.jpg 180w\" sizes=\"auto, (max-width: 750px) 100vw, 750px\" \/><\/p>\n<p style=\"text-align: justify;\">O <em>DOCAT<\/em>, publicado em portugu\u00eas pela PAULUS Editora, surgiu entre alguns jovens norte-americanos durante a JMJ de Madrid (2011). Depois de estudar o <em>YOUCAT<\/em>, eles queriam saber como colocar o aprendizado em pr\u00e1tica. Os cardeais Christoph Schonborn e Reinhard Marx conduziram um grupo de trabalho para apresentar a mensagem da Doutrina Social da Igreja. Durante o processo de constru\u00e7\u00e3o da obra, cientistas e jovens de todo o mundo contribu\u00edram encaminhando fotos, perguntas e sugest\u00f5es para elaborar um texto claro e objetivo.<\/p>\n<p style=\"text-align: justify;\">A obra foi apresentada oficialmente pelo Papa Francisco durante a JMJ de 2016 na Pol\u00f4nia. Em linguagem jovem, o livro incentiva os crist\u00e3os a lutar, por meio de a\u00e7\u00f5es sociais e pol\u00edticas, por um mundo melhor, sempre enraizado na for\u00e7a do Evangelho. O pont\u00edfice, que \u00e9 respons\u00e1vel pelo pref\u00e1cio, faz um apelo aos jovens crist\u00e3os para que se empenhem ativamente na constru\u00e7\u00e3o de um mundo mais justo: \u201cUm crist\u00e3o que n\u00e3o seja revolucion\u00e1rio neste tempo, n\u00e3o \u00e9 crist\u00e3o de verdade\u201d.<\/p>\n<p style=\"text-align: justify;\">O pr\u00f3ximo evento da livraria de Aracaju acontece no dia 12 de agosto, com o tema \u201cLiturgia da Palavra \u2013 Parte II\u201d. O curso ser\u00e1 ministrado pelo Padre Paulo Lima de Melo, radialista, apresentador e especialista em Comunica\u00e7\u00e3o e M\u00eddia Digital.<\/p>\n<p>Informa\u00e7\u00f5es e inscri\u00e7\u00f5es:<\/p>\n<p><strong>PAULUS Livraria de Aracaju\/SE<\/strong><\/p>\n<p>Rua Laranjeiras, 319 \u2014 Centro \u2013 CEP: 49010-000<\/p>\n<p>Tel.: (79) 3211.2927 \/ WhatsApp: (79) 99110.0028<\/p>\n<p>aracaju@paulus.com.br<\/p>\n","protected":false},"excerpt":{"rendered":"<p>No \u00faltimo s\u00e1bado (22), cerca de 40 pessoas, entre catequistas, agentes de pastorais e lideran\u00e7as jovens, participaram da forma\u00e7\u00e3o sobre o livro DOCAT \u2013 Como agir?, na PAULUS Livraria de Aracaju. Padre F\u00e1bio Negromonte, p\u00e1roco da Igreja de Santo Amaro na Arquidiocese de Aracaju e articulador da juventude no vicariato S\u00e3o Jo\u00e3o Evangelista, apresentou de [&hellip;]<\/p>\n","protected":false},"author":3,"featured_media":36649,"comment_status":"open","ping_status":"open","sticky":false,"template":"","format":"standard","meta":{"_acf_changed":false,"footnotes":""},"categories":[15],"tags":[713,687,761],"class_list":["post-36647","post","type-post","status-publish","format-standard","has-post-thumbnail","hentry","category-noticias","tag-aracaju","tag-docat","tag-doutrina-social-da-igreja"],"acf":[],"aioseo_notices":[],"_links":{"self":[{"href":"https:\/\/www.paulus.com.br\/portal\/wp-json\/wp\/v2\/posts\/36647","targetHints":{"allow":["GET"]}}],"collection":[{"href":"https:\/\/www.paulus.com.br\/portal\/wp-json\/wp\/v2\/posts"}],"about":[{"href":"https:\/\/www.paulus.com.br\/portal\/wp-json\/wp\/v2\/types\/post"}],"author":[{"embeddable":true,"href":"https:\/\/www.paulus.com.br\/portal\/wp-json\/wp\/v2\/users\/3"}],"replies":[{"embeddable":true,"href":"https:\/\/www.paulus.com.br\/portal\/wp-json\/wp\/v2\/comments?post=36647"}],"version-history":[{"count":6,"href":"https:\/\/www.paulus.com.br\/portal\/wp-json\/wp\/v2\/posts\/36647\/revisions"}],"predecessor-version":[{"id":36657,"href":"https:\/\/www.paulus.com.br\/portal\/wp-json\/wp\/v2\/posts\/36647\/revisions\/36657"}],"wp:featuredmedia":[{"embeddable":true,"href":"https:\/\/www.paulus.com.br\/portal\/wp-json\/wp\/v2\/media\/36649"}],"wp:attachment":[{"href":"https:\/\/www.paulus.com.br\/portal\/wp-json\/wp\/v2\/media?parent=36647"}],"wp:term":[{"taxonomy":"category","embeddable":true,"href":"https:\/\/www.paulus.com.br\/portal\/wp-json\/wp\/v2\/categories?post=36647"},{"taxonomy":"post_tag","embeddable":true,"href":"https:\/\/www.paulus.com.br\/portal\/wp-json\/wp\/v2\/tags?post=36647"}],"curies":[{"name":"wp","href":"https:\/\/api.w.org\/{rel}","templated":true}]}}