{"id":36610,"date":"2017-07-20T09:00:02","date_gmt":"2017-07-20T12:00:02","guid":{"rendered":"https:\/\/www.paulus.com.br\/portal\/?p=36610"},"modified":"2017-07-20T09:11:22","modified_gmt":"2017-07-20T12:11:22","slug":"seminario-paulus-de-educacao-discute-o-uso-da-tecnologia-em-favor-da-educacao","status":"publish","type":"post","link":"https:\/\/www.paulus.com.br\/portal\/seminario-paulus-de-educacao-discute-o-uso-da-tecnologia-em-favor-da-educacao\/","title":{"rendered":"Semin\u00e1rio PAULUS de Educa\u00e7\u00e3o discute o uso da tecnologia em favor da educa\u00e7\u00e3o"},"content":{"rendered":"<p><img loading=\"lazy\" decoding=\"async\" class=\"aligncenter size-full wp-image-36611\" src=\"https:\/\/www.paulus.com.br\/portal\/wp-content\/uploads\/2017\/07\/Banner-site_Salvador.jpg\" alt=\"\" width=\"750\" height=\"224\" srcset=\"https:\/\/www.paulus.com.br\/portal\/wp-content\/uploads\/2017\/07\/Banner-site_Salvador.jpg 750w, https:\/\/www.paulus.com.br\/portal\/wp-content\/uploads\/2017\/07\/Banner-site_Salvador-300x90.jpg 300w, https:\/\/www.paulus.com.br\/portal\/wp-content\/uploads\/2017\/07\/Banner-site_Salvador-120x36.jpg 120w, https:\/\/www.paulus.com.br\/portal\/wp-content\/uploads\/2017\/07\/Banner-site_Salvador-90x27.jpg 90w, https:\/\/www.paulus.com.br\/portal\/wp-content\/uploads\/2017\/07\/Banner-site_Salvador-180x54.jpg 180w\" sizes=\"auto, (max-width: 750px) 100vw, 750px\" \/><\/p>\n<p style=\"text-align: justify;\">No dia 30 de agosto, a PAULUS Livraria de Salvador, em parceria com Faculdade Visconde de Cairu, realiza o Semin\u00e1rio PAULUS de Educa\u00e7\u00e3o 2017. O evento que chega a sua 4\u00aa edi\u00e7\u00e3o \u00e9 voltado para professores, educadores, bibliotec\u00e1rios e estudantes das \u00e1reas de letras e pedagogia, vai discutir o tema \u201cDi\u00e1logo entre a comunica\u00e7\u00e3o, tecnologia e educa\u00e7\u00e3o\u201d.<\/p>\n<p style=\"text-align: justify;\">O semin\u00e1rio, que acontecer\u00e1 no audit\u00f3rio da faculdade, come\u00e7a \u00e0s 14h com o workshop \u201c\u00c1frica \u2013 Mitos, lendas, f\u00e1bulas e contos\u201d, ministrado pelo professor C\u00e9sar Vitorino Costa, doutor em letras e professor assistente da Universidade do Estado da Bahia (UNEB) e da Funda\u00e7\u00e3o Visconde de Cairu (FVC). Neste workshop, Prof. Cesar vai ressaltar a import\u00e2ncia dos contos, orais e escritos, africanos e afro-brasileiros, destacando-os como marcas das experi\u00eancias de um povo ao longo dos tempos.<\/p>\n<p style=\"text-align: justify;\">A partir das 18h30, acontece a 1\u00aa palestra, com o tema \u201cNovas tecnologias como ferramenta educacional\u201d. Os participantes poder\u00e3o debater sobre a import\u00e2ncia das novas tecnologias no processo educacional. O professor Jos\u00e9 Roberto Andrade, mestre em Desenvolvimento e Responsabilidade Social, professor assistente da Associa\u00e7\u00e3o Bahiana de Medicina, coordenador de inform\u00e1tica e professor da Funda\u00e7\u00e3o Visconde de Cairu, ser\u00e1 o respons\u00e1vel por conduzir a discuss\u00e3o.<\/p>\n<p style=\"text-align: justify;\">Com o tema \u201cNovas maneiras de ensinar, novas formas de aprender\u201d, o Prof. Celso Antunes, especialista em Intelig\u00eancias e Cogni\u00e7\u00e3o e em T\u00e9cnicas de Ensino e Aprendizagem, far\u00e1 uma an\u00e1lise das transforma\u00e7\u00f5es vividas atualmente pela escola e pela fam\u00edlia. Al\u00e9m disso, o autor pretende apresentar os recursos trazidos pelos novos estudos sobre a mente humana para enfrentar as transforma\u00e7\u00f5es. A palestra est\u00e1 programada para as 19h30.<\/p>\n<p>Confira a programa\u00e7\u00e3o:<\/p>\n<p><strong>14h \u00e0s 18h \u2013 <\/strong>Workshop<strong> \u00c1frica \u2013 Mitos, lendas, f\u00e1bulas e contos.<\/strong><\/p>\n<p><strong>Palestrante:<\/strong> Professor C\u00e9sar Vitorino Costa<\/p>\n<p><strong>18h30 \u00e0s 19h10 \u2013<\/strong> Palestra <strong>Novas tecnologias como ferramenta educacional.<\/strong><\/p>\n<p><strong>Palestrante:<\/strong> Professor Jos\u00e9 Roberto Andrade<\/p>\n<p><strong>19h30 \u00e0s 21h<\/strong> \u2013 Palestra <strong>Novas maneiras de ensinar, novas formas de aprender.<\/strong><\/p>\n<p><strong>Palestrante:<\/strong> Professor Celso Antunes<\/p>\n<p>Para mais informa\u00e7\u00f5es e inscri\u00e7\u00f5es:<\/p>\n<p>&nbsp;<\/p>\n<p><strong>PAULUS Livraria de Salvador<\/strong><\/p>\n<p>Rua Direita da Piedade, 75 \u2013 Barris<\/p>\n<p>Tel.: (71) 3321.0126 \/ WhatsApp: (71) 99197.8116<\/p>\n<p>salvador@paulus.com.br<\/p>\n<p><strong>Local:<\/strong><\/p>\n<p>Audit\u00f3rio da Faculdade Visconde de Cairu<\/p>\n<p>Rua do Salete, 50 Barris \u2013 Salvador (BA)<\/p>\n<p>&nbsp;<\/p>\n","protected":false},"excerpt":{"rendered":"<p>No dia 30 de agosto, a PAULUS Livraria de Salvador, em parceria com Faculdade Visconde de Cairu, realiza o Semin\u00e1rio PAULUS de Educa\u00e7\u00e3o 2017. O evento que chega a sua 4\u00aa edi\u00e7\u00e3o \u00e9 voltado para professores, educadores, bibliotec\u00e1rios e estudantes das \u00e1reas de letras e pedagogia, vai discutir o tema \u201cDi\u00e1logo entre a comunica\u00e7\u00e3o, tecnologia [&hellip;]<\/p>\n","protected":false},"author":3,"featured_media":36434,"comment_status":"open","ping_status":"open","sticky":false,"template":"","format":"standard","meta":{"_acf_changed":false,"footnotes":""},"categories":[15],"tags":[620,595,370,756,757,465,315,738,729,122],"class_list":["post-36610","post","type-post","status-publish","format-standard","has-post-thumbnail","hentry","category-noticias","tag-comunicacao","tag-educacao","tag-educadores","tag-faculdade-visconde-de-cairu","tag-paulus-livraria-salvador","tag-pedagogia","tag-professores","tag-salvador","tag-seminario-de-educacao","tag-tecnologia"],"acf":[],"aioseo_notices":[],"_links":{"self":[{"href":"https:\/\/www.paulus.com.br\/portal\/wp-json\/wp\/v2\/posts\/36610","targetHints":{"allow":["GET"]}}],"collection":[{"href":"https:\/\/www.paulus.com.br\/portal\/wp-json\/wp\/v2\/posts"}],"about":[{"href":"https:\/\/www.paulus.com.br\/portal\/wp-json\/wp\/v2\/types\/post"}],"author":[{"embeddable":true,"href":"https:\/\/www.paulus.com.br\/portal\/wp-json\/wp\/v2\/users\/3"}],"replies":[{"embeddable":true,"href":"https:\/\/www.paulus.com.br\/portal\/wp-json\/wp\/v2\/comments?post=36610"}],"version-history":[{"count":8,"href":"https:\/\/www.paulus.com.br\/portal\/wp-json\/wp\/v2\/posts\/36610\/revisions"}],"predecessor-version":[{"id":36619,"href":"https:\/\/www.paulus.com.br\/portal\/wp-json\/wp\/v2\/posts\/36610\/revisions\/36619"}],"wp:featuredmedia":[{"embeddable":true,"href":"https:\/\/www.paulus.com.br\/portal\/wp-json\/wp\/v2\/media\/36434"}],"wp:attachment":[{"href":"https:\/\/www.paulus.com.br\/portal\/wp-json\/wp\/v2\/media?parent=36610"}],"wp:term":[{"taxonomy":"category","embeddable":true,"href":"https:\/\/www.paulus.com.br\/portal\/wp-json\/wp\/v2\/categories?post=36610"},{"taxonomy":"post_tag","embeddable":true,"href":"https:\/\/www.paulus.com.br\/portal\/wp-json\/wp\/v2\/tags?post=36610"}],"curies":[{"name":"wp","href":"https:\/\/api.w.org\/{rel}","templated":true}]}}