{"id":36600,"date":"2017-07-18T09:33:04","date_gmt":"2017-07-18T12:33:04","guid":{"rendered":"https:\/\/www.paulus.com.br\/portal\/?p=36600"},"modified":"2017-07-18T09:33:04","modified_gmt":"2017-07-18T12:33:04","slug":"dom-joao-bosco-ministra-curso-sobre-a-amoris-laetitia-do-papa-francisco","status":"publish","type":"post","link":"https:\/\/www.paulus.com.br\/portal\/dom-joao-bosco-ministra-curso-sobre-a-amoris-laetitia-do-papa-francisco\/","title":{"rendered":"Dom Jo\u00e3o Bosco ministra curso sobre a \u201cAmoris Laetitia\u201d, do Papa Francisco"},"content":{"rendered":"<p style=\"text-align: center;\"><em>Realizado na livraria da Raposo Tavares, a forma\u00e7\u00e3o abordou o amor na fam\u00edlia \u00e0 luz da exorta\u00e7\u00e3o apost\u00f3lica do Papa Francisco<\/em><\/p>\n<p><img loading=\"lazy\" decoding=\"async\" class=\"aligncenter size-full wp-image-36601\" src=\"https:\/\/www.paulus.com.br\/portal\/wp-content\/uploads\/2017\/07\/IMG-20170715-WA0003.jpg\" alt=\"\" width=\"750\" height=\"422\" srcset=\"https:\/\/www.paulus.com.br\/portal\/wp-content\/uploads\/2017\/07\/IMG-20170715-WA0003.jpg 750w, https:\/\/www.paulus.com.br\/portal\/wp-content\/uploads\/2017\/07\/IMG-20170715-WA0003-300x169.jpg 300w, https:\/\/www.paulus.com.br\/portal\/wp-content\/uploads\/2017\/07\/IMG-20170715-WA0003-120x68.jpg 120w, https:\/\/www.paulus.com.br\/portal\/wp-content\/uploads\/2017\/07\/IMG-20170715-WA0003-90x51.jpg 90w, https:\/\/www.paulus.com.br\/portal\/wp-content\/uploads\/2017\/07\/IMG-20170715-WA0003-180x101.jpg 180w\" sizes=\"auto, (max-width: 750px) 100vw, 750px\" \/><\/p>\n<p style=\"text-align: justify;\">J\u00e1 h\u00e1 algum tempo, os sinais da crise no matrim\u00f4nio s\u00e3o percept\u00edveis para os padres, religiosos e leigos. O sacramento, que para a Igreja \u00e9 de extrema import\u00e2ncia, vem sofrendo com os desafios que o mundo de hoje imp\u00f5e.<\/p>\n<p style=\"text-align: justify;\">Com o anseio de criar diretrizes e caminhos para as fam\u00edlias viverem a alegria do amor e transmitir o desejo de que as futuras gera\u00e7\u00f5es continuem a cultivar os la\u00e7os familiares, o Papa Francisco escreveu <em>Amoris Laetitia: sobre o amor na fam\u00edlia<\/em>, publicada em portugu\u00eas pela PAULUS Editora.<\/p>\n<p style=\"text-align: justify;\">A obra reproduz integralmente a exorta\u00e7\u00e3o apost\u00f3lica p\u00f3s-sinodal do Papa aos bispos, presb\u00edteros, di\u00e1conos, pessoas consagradas, esposos crist\u00e3os e todos os fi\u00e9is leigos. Fundada nesses ensinamentos, a PAULUS Livraria da Raposo Tavares promoveu, no \u00faltimo s\u00e1bado (15), o curso \u201cO futuro da humanidade passa pela fam\u00edlia\u201d. O evento reuniu cerca de 60 pessoas e foi ministrado por Dom Jo\u00e3o Bosco, OFM, bispo da Diocese de Osasco e presidente da Comiss\u00e3o Episcopal Pastoral Vida e Fam\u00edlia da CNBB.<\/p>\n<p><img loading=\"lazy\" decoding=\"async\" class=\"aligncenter size-full wp-image-36603\" src=\"https:\/\/www.paulus.com.br\/portal\/wp-content\/uploads\/2017\/07\/IMG-20170715-WA0016.jpg\" alt=\"\" width=\"750\" height=\"422\" srcset=\"https:\/\/www.paulus.com.br\/portal\/wp-content\/uploads\/2017\/07\/IMG-20170715-WA0016.jpg 750w, https:\/\/www.paulus.com.br\/portal\/wp-content\/uploads\/2017\/07\/IMG-20170715-WA0016-300x169.jpg 300w, https:\/\/www.paulus.com.br\/portal\/wp-content\/uploads\/2017\/07\/IMG-20170715-WA0016-120x68.jpg 120w, https:\/\/www.paulus.com.br\/portal\/wp-content\/uploads\/2017\/07\/IMG-20170715-WA0016-90x51.jpg 90w, https:\/\/www.paulus.com.br\/portal\/wp-content\/uploads\/2017\/07\/IMG-20170715-WA0016-180x101.jpg 180w\" sizes=\"auto, (max-width: 750px) 100vw, 750px\" \/><\/p>\n<p style=\"text-align: justify;\">O tema da forma\u00e7\u00e3o foi retirado das palavras de S\u00e3o Jo\u00e3o Paulo II em sua exorta\u00e7\u00e3o apost\u00f3lica <em>Familiaris Consortio<\/em>, de 1981. De maneira clara e objetiva, Dom Jo\u00e3o buscou explicar os nove cap\u00edtulos que comp\u00f5em a <em>Amoris Laetitia<\/em>, considerando os principais pontos do documento como os desafios da fam\u00edlia no mundo de hoje e a necessidade de prover uma educa\u00e7\u00e3o adequada aos filhos, a fim de construir uma sociedade coesa e alinhada ao Evangelho de Jesus Cristo.<\/p>\n<p style=\"text-align: justify;\">Diante da realidade das fam\u00edlias nos dias atuais, Dom Jo\u00e3o ressaltou a import\u00e2ncia de sermos uma Igreja em sa\u00edda e mission\u00e1ria para acompanhar as fam\u00edlias em suas particularidades e, por meio delas, chegar \u00e0 humanidade ferida levando o rem\u00e9dio do Evangelho.<\/p>\n<p>Mais informa\u00e7\u00f5es sobre os pr\u00f3ximos eventos da livraria:<\/p>\n<p><strong>PAULUS Livraria da Raposo Tavares\/SP<\/strong><\/p>\n<p>Via Raposo Tavares, Km 18,5<\/p>\n<p>Tel.: (11) 3789.4005 \/ WhatsApp: (11) 98751.2660<\/p>\n<p>raposotavares@paulus.com.br<\/p>\n","protected":false},"excerpt":{"rendered":"<p>Realizado na livraria da Raposo Tavares, a forma\u00e7\u00e3o abordou o amor na fam\u00edlia \u00e0 luz da exorta\u00e7\u00e3o apost\u00f3lica do Papa Francisco J\u00e1 h\u00e1 algum tempo, os sinais da crise no matrim\u00f4nio s\u00e3o percept\u00edveis para os padres, religiosos e leigos. O sacramento, que para a Igreja \u00e9 de extrema import\u00e2ncia, vem sofrendo com os desafios que [&hellip;]<\/p>\n","protected":false},"author":3,"featured_media":36602,"comment_status":"open","ping_status":"open","sticky":false,"template":"","format":"standard","meta":{"_acf_changed":false,"footnotes":""},"categories":[15],"tags":[751,752,755,170,754,686,753],"class_list":["post-36600","post","type-post","status-publish","format-standard","has-post-thumbnail","hentry","category-noticias","tag-amoris-laetitia","tag-dom-joao-bosco","tag-exortacao-apostolica","tag-familia","tag-matrimonio","tag-papa-francisco","tag-raposo-tavares"],"acf":[],"aioseo_notices":[],"_links":{"self":[{"href":"https:\/\/www.paulus.com.br\/portal\/wp-json\/wp\/v2\/posts\/36600","targetHints":{"allow":["GET"]}}],"collection":[{"href":"https:\/\/www.paulus.com.br\/portal\/wp-json\/wp\/v2\/posts"}],"about":[{"href":"https:\/\/www.paulus.com.br\/portal\/wp-json\/wp\/v2\/types\/post"}],"author":[{"embeddable":true,"href":"https:\/\/www.paulus.com.br\/portal\/wp-json\/wp\/v2\/users\/3"}],"replies":[{"embeddable":true,"href":"https:\/\/www.paulus.com.br\/portal\/wp-json\/wp\/v2\/comments?post=36600"}],"version-history":[{"count":2,"href":"https:\/\/www.paulus.com.br\/portal\/wp-json\/wp\/v2\/posts\/36600\/revisions"}],"predecessor-version":[{"id":36605,"href":"https:\/\/www.paulus.com.br\/portal\/wp-json\/wp\/v2\/posts\/36600\/revisions\/36605"}],"wp:featuredmedia":[{"embeddable":true,"href":"https:\/\/www.paulus.com.br\/portal\/wp-json\/wp\/v2\/media\/36602"}],"wp:attachment":[{"href":"https:\/\/www.paulus.com.br\/portal\/wp-json\/wp\/v2\/media?parent=36600"}],"wp:term":[{"taxonomy":"category","embeddable":true,"href":"https:\/\/www.paulus.com.br\/portal\/wp-json\/wp\/v2\/categories?post=36600"},{"taxonomy":"post_tag","embeddable":true,"href":"https:\/\/www.paulus.com.br\/portal\/wp-json\/wp\/v2\/tags?post=36600"}],"curies":[{"name":"wp","href":"https:\/\/api.w.org\/{rel}","templated":true}]}}