{"id":36470,"date":"2017-07-13T15:40:49","date_gmt":"2017-07-13T18:40:49","guid":{"rendered":"https:\/\/www.paulus.com.br\/portal\/?p=36470"},"modified":"2017-07-14T09:04:58","modified_gmt":"2017-07-14T12:04:58","slug":"oficina-lavra-palavra-celebra-aniversario-da-autora-gloria-kirinus-em-curitiba","status":"publish","type":"post","link":"https:\/\/www.paulus.com.br\/portal\/oficina-lavra-palavra-celebra-aniversario-da-autora-gloria-kirinus-em-curitiba\/","title":{"rendered":"Oficina Lavra-Palavra celebra anivers\u00e1rio da autora Gloria Kirinus em Curitiba"},"content":{"rendered":"<p style=\"text-align: justify;\">A PAULUS Livraria de Curitiba realizou ontem (12) mais uma oficina de cria\u00e7\u00e3o e vitalidade po\u00e9tica da s\u00e9rie Lavra-Palavra. O encontro, que vai completar um ano em agosto, foi um pouco diferente do habitual.\u00a0 Durante o <em>coffee break<\/em>, os presentes aproveitaram para comemorar o anivers\u00e1rio da autora Gloria Kirinus.<\/p>\n<p><img loading=\"lazy\" decoding=\"async\" class=\"aligncenter size-full wp-image-36473\" src=\"https:\/\/www.paulus.com.br\/portal\/wp-content\/uploads\/2017\/07\/060.jpg\" alt=\"\" width=\"750\" height=\"360\" srcset=\"https:\/\/www.paulus.com.br\/portal\/wp-content\/uploads\/2017\/07\/060.jpg 750w, https:\/\/www.paulus.com.br\/portal\/wp-content\/uploads\/2017\/07\/060-300x144.jpg 300w, https:\/\/www.paulus.com.br\/portal\/wp-content\/uploads\/2017\/07\/060-120x58.jpg 120w, https:\/\/www.paulus.com.br\/portal\/wp-content\/uploads\/2017\/07\/060-90x43.jpg 90w, https:\/\/www.paulus.com.br\/portal\/wp-content\/uploads\/2017\/07\/060-180x86.jpg 180w\" sizes=\"auto, (max-width: 750px) 100vw, 750px\" \/><\/p>\n<p style=\"text-align: justify;\">Gloria \u00e9 doutora em Teoria Liter\u00e1ria e Literatura Comparada pela USP, mestre em Literatura Brasileira pela PUC-RJ e especialista em Literatura Brasileira pela UFPR. Autora de livros bil\u00edngues infantis e juvenis, lan\u00e7ou tr\u00eas obras pela PAULUS Editora: <em>Carta para El Ni\u00f1o<\/em>, <em>Um sol em meu nome<\/em> e <em>Um barco em meu nome.<\/em><\/p>\n<p style=\"text-align: justify;\">A oficina, que ocorre mensalmente, abordou o tema \u201cObjetos e desobjetos\u201d. Ao longo do curso os participantes desenvolvem textos sobre a tem\u00e1tica principal e, depois, os compartilham uns com os outros. O curso Lavra-Palavra, criado e ministrado por Gloria, enfoca reflex\u00f5es pr\u00e1tico-te\u00f3ricas sobre a natureza po\u00e9tica da linguagem.<\/p>\n<p><img loading=\"lazy\" decoding=\"async\" class=\"aligncenter size-full wp-image-36474\" src=\"https:\/\/www.paulus.com.br\/portal\/wp-content\/uploads\/2017\/07\/097.jpg\" alt=\"\" width=\"750\" height=\"422\" srcset=\"https:\/\/www.paulus.com.br\/portal\/wp-content\/uploads\/2017\/07\/097.jpg 750w, https:\/\/www.paulus.com.br\/portal\/wp-content\/uploads\/2017\/07\/097-300x169.jpg 300w, https:\/\/www.paulus.com.br\/portal\/wp-content\/uploads\/2017\/07\/097-120x68.jpg 120w, https:\/\/www.paulus.com.br\/portal\/wp-content\/uploads\/2017\/07\/097-90x51.jpg 90w, https:\/\/www.paulus.com.br\/portal\/wp-content\/uploads\/2017\/07\/097-180x101.jpg 180w\" sizes=\"auto, (max-width: 750px) 100vw, 750px\" \/><\/p>\n<p style=\"text-align: justify;\">A autora aproveitou o encontro para homenagear Pablo Neruda, poeta chileno nascido em 12 de julho de 1904 e considerado um dos mais importantes escritores em l\u00edngua castelhana.<\/p>\n<p style=\"text-align: justify;\">O pr\u00f3ximo encontro acontece no dia 23 de agosto com o tema \u201cGostos e desgostos\u201d. Mais informa\u00e7\u00f5es:<\/p>\n<p><strong>PAULUS Livraria de Curitiba\/PR<\/strong><\/p>\n<p>Pra\u00e7a Rui Barbosa, 599 \u2014 Centro \/ Tel.: (41) 3223.6652<\/p>\n<p>WhatsApp: (41) 99948.0089 \/ divulgacaocuritiba@paulus.com.br<\/p>\n","protected":false},"excerpt":{"rendered":"<p>A PAULUS Livraria de Curitiba realizou ontem (12) mais uma oficina de cria\u00e7\u00e3o e vitalidade po\u00e9tica da s\u00e9rie Lavra-Palavra. O encontro, que vai completar um ano em agosto, foi um pouco diferente do habitual.\u00a0 Durante o coffee break, os presentes aproveitaram para comemorar o anivers\u00e1rio da autora Gloria Kirinus. Gloria \u00e9 doutora em Teoria Liter\u00e1ria [&hellip;]<\/p>\n","protected":false},"author":3,"featured_media":36472,"comment_status":"open","ping_status":"open","sticky":false,"template":"","format":"standard","meta":{"_acf_changed":false,"footnotes":""},"categories":[15],"tags":[744,749,745,199,143],"class_list":["post-36470","post","type-post","status-publish","format-standard","has-post-thumbnail","hentry","category-noticias","tag-curitiba","tag-gloria-kirinus","tag-lavra-palavra","tag-literatura","tag-poesia"],"acf":[],"aioseo_notices":[],"_links":{"self":[{"href":"https:\/\/www.paulus.com.br\/portal\/wp-json\/wp\/v2\/posts\/36470","targetHints":{"allow":["GET"]}}],"collection":[{"href":"https:\/\/www.paulus.com.br\/portal\/wp-json\/wp\/v2\/posts"}],"about":[{"href":"https:\/\/www.paulus.com.br\/portal\/wp-json\/wp\/v2\/types\/post"}],"author":[{"embeddable":true,"href":"https:\/\/www.paulus.com.br\/portal\/wp-json\/wp\/v2\/users\/3"}],"replies":[{"embeddable":true,"href":"https:\/\/www.paulus.com.br\/portal\/wp-json\/wp\/v2\/comments?post=36470"}],"version-history":[{"count":3,"href":"https:\/\/www.paulus.com.br\/portal\/wp-json\/wp\/v2\/posts\/36470\/revisions"}],"predecessor-version":[{"id":36495,"href":"https:\/\/www.paulus.com.br\/portal\/wp-json\/wp\/v2\/posts\/36470\/revisions\/36495"}],"wp:featuredmedia":[{"embeddable":true,"href":"https:\/\/www.paulus.com.br\/portal\/wp-json\/wp\/v2\/media\/36472"}],"wp:attachment":[{"href":"https:\/\/www.paulus.com.br\/portal\/wp-json\/wp\/v2\/media?parent=36470"}],"wp:term":[{"taxonomy":"category","embeddable":true,"href":"https:\/\/www.paulus.com.br\/portal\/wp-json\/wp\/v2\/categories?post=36470"},{"taxonomy":"post_tag","embeddable":true,"href":"https:\/\/www.paulus.com.br\/portal\/wp-json\/wp\/v2\/tags?post=36470"}],"curies":[{"name":"wp","href":"https:\/\/api.w.org\/{rel}","templated":true}]}}