{"id":36415,"date":"2017-07-12T11:19:52","date_gmt":"2017-07-12T14:19:52","guid":{"rendered":"https:\/\/www.paulus.com.br\/portal\/?p=36415"},"modified":"2017-07-13T14:25:10","modified_gmt":"2017-07-13T17:25:10","slug":"fortaleza-recebe-seminario-paulus-de-educacao-em-agosto","status":"publish","type":"post","link":"https:\/\/www.paulus.com.br\/portal\/fortaleza-recebe-seminario-paulus-de-educacao-em-agosto\/","title":{"rendered":"Fortaleza recebe Semin\u00e1rio PAULUS de Educa\u00e7\u00e3o em agosto"},"content":{"rendered":"<p><img loading=\"lazy\" decoding=\"async\" class=\"aligncenter size-full wp-image-36433\" src=\"https:\/\/www.paulus.com.br\/portal\/wp-content\/uploads\/2017\/07\/banner-site.jpg\" alt=\"\" width=\"750\" height=\"224\" srcset=\"https:\/\/www.paulus.com.br\/portal\/wp-content\/uploads\/2017\/07\/banner-site.jpg 750w, https:\/\/www.paulus.com.br\/portal\/wp-content\/uploads\/2017\/07\/banner-site-300x90.jpg 300w, https:\/\/www.paulus.com.br\/portal\/wp-content\/uploads\/2017\/07\/banner-site-120x36.jpg 120w, https:\/\/www.paulus.com.br\/portal\/wp-content\/uploads\/2017\/07\/banner-site-90x27.jpg 90w, https:\/\/www.paulus.com.br\/portal\/wp-content\/uploads\/2017\/07\/banner-site-180x54.jpg 180w\" sizes=\"auto, (max-width: 750px) 100vw, 750px\" \/><\/p>\n<p style=\"text-align: justify;\">A PAULUS Livraria de Fortaleza promove, no dia 5 de agosto, o Semin\u00e1rio PAULUS de Educa\u00e7\u00e3o 2017. Com o tema \u201cDi\u00e1logo entre comunica\u00e7\u00e3o, tecnologia e educa\u00e7\u00e3o\u201d, o simp\u00f3sio tem o intuito de criar la\u00e7os e ampliar o conhecimento de professores, educadores e estudantes da regi\u00e3o.<\/p>\n<p style=\"text-align: justify;\">O evento acontece na Faculdade Cat\u00f3lica de Fortaleza, institui\u00e7\u00e3o que firmou parceria com a PAULUS Editora para a realiza\u00e7\u00e3o do semin\u00e1rio. Al\u00e9m disso, o evento conta com o apoio da Faculdade Plus Drag\u00e3o do Mar e da Associa\u00e7\u00e3o Brasileira de Psicopedagogia do Cear\u00e1.<\/p>\n<p style=\"text-align: justify;\">Os inscritos no semin\u00e1rio poder\u00e3o realizar o credenciamento a partir das 7h30. \u00c0s 8h30, tem in\u00edcio a primeira palestra do evento, com o tema \u201cPerca tempo\u201d, ministrada pelo Prof. Ms. Cleison Rabelo, presidente do Grupo Plus de Educa\u00e7\u00e3o e mestre em Ci\u00eancias da Educa\u00e7\u00e3o. A discuss\u00e3o tem como objetivo refletir sobre a exist\u00eancia humana de forma l\u00fadica e criativa, sob o lema \u201cN\u00e3o fa\u00e7a de sua vida um rascunho, voc\u00ea poder\u00e1 n\u00e3o ter tempo de pass\u00e1-la a limpo\u201d.<\/p>\n<p style=\"text-align: justify;\">Ainda na parte da manh\u00e3, o autor Celso Antunes traz toda a sua experi\u00eancia para conduzir a palestra magna sobre como o c\u00e9rebro humano aprende e guarda saberes. O autor pretende expor aos participantes uma an\u00e1lise dos avan\u00e7os do conhecimento sobre o c\u00e9rebro humano, que v\u00eam sendo desenvolvidos desde os anos 1990 e que lan\u00e7aram um novo olhar sobre o tema, anulando antigas cren\u00e7as no campo da educa\u00e7\u00e3o. Outro ponto a ser trabalhado pelo autor \u00e9 a possibilidade de os professores em sala de aula desenvolverem procedimentos que assegurem a seus alunos a aprendizagem e uma melhor reten\u00e7\u00e3o dos saberes.<\/p>\n<p style=\"text-align: justify;\">Na parte da tarde, os educadores poder\u00e3o participar de uma s\u00e9rie de workshops com temas variados, como inclus\u00e3o social, poesia na escola, <em>bullying<\/em> e <em>cyberbullying<\/em>.<\/p>\n<p>Vagas limitadas.<\/p>\n<p>Confira a programa\u00e7\u00e3o:<\/p>\n<p><strong>7h30 \u00e0s 8h30 \u2013<\/strong> Credenciamento<\/p>\n<p><strong>8h50 \u2013<\/strong> 1\u00aa palestra: Perca Tempo<\/p>\n<p>Palestrante: Prof. Ms. Cleiton Rabelo<\/p>\n<p><strong>10h \u2013<\/strong> <em>Co\u00adffee break<\/em><\/p>\n<p><strong>10h30 \u2013<\/strong> Palestra Magna: \u00adComo o c\u00e9rebro humano aprende e guarda saberes<\/p>\n<p>Palestrante: Celso Antunes<\/p>\n<p><strong>14h \u2013<\/strong> Workshops<\/p>\n<p><strong>1\u00ba workshop<\/strong> \u00ad\u2013 \u00ad O olho do cora\u00e7\u00e3o: uma quest\u00e3o de inclus\u00e3o social<\/p>\n<p>Facilitadora: Luciana Bem Portela<\/p>\n<p><strong>2\u00ba workshop<\/strong> \u00ad\u2013 Poesia na escola: a vida tecida com arte<\/p>\n<p>Facilitadora: Rosa Morena<\/p>\n<p><strong>3\u00ba workshop \u2013 <\/strong>Como educar bons valores: desafios e caminhos para trilhar uma educa\u00e7\u00e3o de valor<\/p>\n<p>Facilitador: Sandoval Matoso<\/p>\n<p><strong>4\u00ba workshop<\/strong> \u2013 Cantar brincando&#8230; Brincar cantando!<\/p>\n<p>Facilitadora: M\u00f4nica Rodrigues<\/p>\n<p><strong>5\u00ba workshop<\/strong> \u2013 \u00ad <em>Bullying<\/em> e <em>cyberbullying<\/em>: agress\u00f5es dentro e fora das escolas<\/p>\n<p>Facilitadora: Suelen Teles<\/p>\n<p><strong>16h20 \u2013<\/strong> Encerramento no audit\u00f3rio central<\/p>\n<p>&nbsp;<\/p>\n<p>Mais informa\u00e7\u00f5es:<\/p>\n<p><strong>PAULUS Livraria de Fortaleza\/CE<\/strong><\/p>\n<p>Rua Floriano Peixoto, 523 \u2013 Pra\u00e7a do Ferreira \u2013 Centro<\/p>\n<p>Tel.: (85) 3252.4201 &#8211; Whatsapp: (85) 99859.0065<\/p>\n<p>fortaleza@paulus.com.br<\/p>\n","protected":false},"excerpt":{"rendered":"<p>A PAULUS Livraria de Fortaleza promove, no dia 5 de agosto, o Semin\u00e1rio PAULUS de Educa\u00e7\u00e3o 2017. Com o tema \u201cDi\u00e1logo entre comunica\u00e7\u00e3o, tecnologia e educa\u00e7\u00e3o\u201d, o simp\u00f3sio tem o intuito de criar la\u00e7os e ampliar o conhecimento de professores, educadores e estudantes da regi\u00e3o. O evento acontece na Faculdade Cat\u00f3lica de Fortaleza, institui\u00e7\u00e3o que [&hellip;]<\/p>\n","protected":false},"author":3,"featured_media":36434,"comment_status":"open","ping_status":"open","sticky":false,"template":"","format":"standard","meta":{"_acf_changed":false,"footnotes":""},"categories":[15],"tags":[748,620,688,315,729],"class_list":["post-36415","post","type-post","status-publish","format-standard","has-post-thumbnail","hentry","category-noticias","tag-celso-antunes","tag-comunicacao","tag-fortaleza","tag-professores","tag-seminario-de-educacao"],"acf":[],"aioseo_notices":[],"_links":{"self":[{"href":"https:\/\/www.paulus.com.br\/portal\/wp-json\/wp\/v2\/posts\/36415","targetHints":{"allow":["GET"]}}],"collection":[{"href":"https:\/\/www.paulus.com.br\/portal\/wp-json\/wp\/v2\/posts"}],"about":[{"href":"https:\/\/www.paulus.com.br\/portal\/wp-json\/wp\/v2\/types\/post"}],"author":[{"embeddable":true,"href":"https:\/\/www.paulus.com.br\/portal\/wp-json\/wp\/v2\/users\/3"}],"replies":[{"embeddable":true,"href":"https:\/\/www.paulus.com.br\/portal\/wp-json\/wp\/v2\/comments?post=36415"}],"version-history":[{"count":7,"href":"https:\/\/www.paulus.com.br\/portal\/wp-json\/wp\/v2\/posts\/36415\/revisions"}],"predecessor-version":[{"id":36466,"href":"https:\/\/www.paulus.com.br\/portal\/wp-json\/wp\/v2\/posts\/36415\/revisions\/36466"}],"wp:featuredmedia":[{"embeddable":true,"href":"https:\/\/www.paulus.com.br\/portal\/wp-json\/wp\/v2\/media\/36434"}],"wp:attachment":[{"href":"https:\/\/www.paulus.com.br\/portal\/wp-json\/wp\/v2\/media?parent=36415"}],"wp:term":[{"taxonomy":"category","embeddable":true,"href":"https:\/\/www.paulus.com.br\/portal\/wp-json\/wp\/v2\/categories?post=36415"},{"taxonomy":"post_tag","embeddable":true,"href":"https:\/\/www.paulus.com.br\/portal\/wp-json\/wp\/v2\/tags?post=36415"}],"curies":[{"name":"wp","href":"https:\/\/api.w.org\/{rel}","templated":true}]}}