{"id":36362,"date":"2017-07-04T11:26:03","date_gmt":"2017-07-04T14:26:03","guid":{"rendered":"https:\/\/www.paulus.com.br\/portal\/?p=36362"},"modified":"2017-07-04T11:26:03","modified_gmt":"2017-07-04T14:26:03","slug":"ultimo-encontro-do-curso-celebrando-o-ano-mariano-discute-o-tema-maria-no-dialogo-inter-religioso","status":"publish","type":"post","link":"https:\/\/www.paulus.com.br\/portal\/ultimo-encontro-do-curso-celebrando-o-ano-mariano-discute-o-tema-maria-no-dialogo-inter-religioso\/","title":{"rendered":"\u00daltimo encontro do curso \u201cCelebrando o Ano Mariano\u201d discute o tema \u201cMaria no di\u00e1logo inter-religioso\u201d"},"content":{"rendered":"<p style=\"text-align: justify;\">A PAULUS Livraria de Salvador promoveu, no dia 1\u00ba, a \u00faltima etapa do curso \u201cCelebrando o Ano Nacional Mariano\u201d. Com o tema <em>Maria e o di\u00e1logo inter-religioso, <\/em>os cerca de 30 participantes, entre religiosos, catequistas e leigos, puderam abordar o di\u00e1logo entre as igrejas ou denomina\u00e7\u00f5es crist\u00e3s quanto \u00e0 figura de Maria.<\/p>\n<p><img loading=\"lazy\" decoding=\"async\" class=\"aligncenter size-full wp-image-36365\" src=\"https:\/\/www.paulus.com.br\/portal\/wp-content\/uploads\/2017\/07\/20170701_093147.jpg\" alt=\"\" width=\"750\" height=\"422\" srcset=\"https:\/\/www.paulus.com.br\/portal\/wp-content\/uploads\/2017\/07\/20170701_093147.jpg 750w, https:\/\/www.paulus.com.br\/portal\/wp-content\/uploads\/2017\/07\/20170701_093147-300x169.jpg 300w, https:\/\/www.paulus.com.br\/portal\/wp-content\/uploads\/2017\/07\/20170701_093147-120x68.jpg 120w, https:\/\/www.paulus.com.br\/portal\/wp-content\/uploads\/2017\/07\/20170701_093147-90x51.jpg 90w, https:\/\/www.paulus.com.br\/portal\/wp-content\/uploads\/2017\/07\/20170701_093147-180x101.jpg 180w\" sizes=\"auto, (max-width: 750px) 100vw, 750px\" \/><\/p>\n<p style=\"text-align: justify;\">O encontro foi ministrado pelo Padre Jos\u00e9 \u2013 J\u00f3zef Andrzej Grzywacz, p\u00f3s-graduado em Mariologia, que durante a palestra exp\u00f4s a import\u00e2ncia e a presen\u00e7a de Maria em algumas igrejas como a Cat\u00f3lica e a Ortodoxa, al\u00e9m de outras denomina\u00e7\u00f5es como a luterana, mas de forma reduzida.<\/p>\n<p><img loading=\"lazy\" decoding=\"async\" class=\"aligncenter size-full wp-image-36364\" src=\"https:\/\/www.paulus.com.br\/portal\/wp-content\/uploads\/2017\/07\/20170701_092753.jpg\" alt=\"\" width=\"750\" height=\"422\" srcset=\"https:\/\/www.paulus.com.br\/portal\/wp-content\/uploads\/2017\/07\/20170701_092753.jpg 750w, https:\/\/www.paulus.com.br\/portal\/wp-content\/uploads\/2017\/07\/20170701_092753-300x169.jpg 300w, https:\/\/www.paulus.com.br\/portal\/wp-content\/uploads\/2017\/07\/20170701_092753-120x68.jpg 120w, https:\/\/www.paulus.com.br\/portal\/wp-content\/uploads\/2017\/07\/20170701_092753-90x51.jpg 90w, https:\/\/www.paulus.com.br\/portal\/wp-content\/uploads\/2017\/07\/20170701_092753-180x101.jpg 180w\" sizes=\"auto, (max-width: 750px) 100vw, 750px\" \/><\/p>\n<p style=\"text-align: justify;\">A palestra foi a \u00faltima de um ciclo, iniciado em mar\u00e7o, de cinco encontros, que buscaram abordar a import\u00e2ncia do Ano Mariano, os dogmas e sua import\u00e2ncia dentro da Igreja e dos lares.<\/p>\n<p style=\"text-align: justify;\">No dia 15, das 9h \u00e0s 13h, a livraria promove o curso \u201cHist\u00f3ria dos saberes psicol\u00f3gicos\u201d<em>, <\/em>com o objetivo de discutir a hist\u00f3ria dos saberes psicol\u00f3gicos na cultura ocidental. Ana Carolina dos Santos, psic\u00f3loga com especializa\u00e7\u00e3o em Psicopedagogia, \u00e9 a respons\u00e1vel por conduzir a palestra. Para informa\u00e7\u00f5es e inscri\u00e7\u00f5es:<\/p>\n<p><strong>PAULUS Livraria de Salvador (BA) <\/strong><\/p>\n<p>Rua Direita da Piedade, 75 \u2013 Barris<\/p>\n<p>CEP: 40070-190\/Tel.: (71) 3321.4446<\/p>\n<p>salvador@paulus.com.br<\/p>\n","protected":false},"excerpt":{"rendered":"<p>A PAULUS Livraria de Salvador promoveu, no dia 1\u00ba, a \u00faltima etapa do curso \u201cCelebrando o Ano Nacional Mariano\u201d. Com o tema Maria e o di\u00e1logo inter-religioso, os cerca de 30 participantes, entre religiosos, catequistas e leigos, puderam abordar o di\u00e1logo entre as igrejas ou denomina\u00e7\u00f5es crist\u00e3s quanto \u00e0 figura de Maria. O encontro foi [&hellip;]<\/p>\n","protected":false},"author":3,"featured_media":36363,"comment_status":"open","ping_status":"open","sticky":false,"template":"","format":"standard","meta":{"_acf_changed":false,"footnotes":""},"categories":[15],"tags":[739,132,738],"class_list":["post-36362","post","type-post","status-publish","format-standard","has-post-thumbnail","hentry","category-noticias","tag-ano-mariano","tag-maria","tag-salvador"],"acf":[],"aioseo_notices":[],"_links":{"self":[{"href":"https:\/\/www.paulus.com.br\/portal\/wp-json\/wp\/v2\/posts\/36362","targetHints":{"allow":["GET"]}}],"collection":[{"href":"https:\/\/www.paulus.com.br\/portal\/wp-json\/wp\/v2\/posts"}],"about":[{"href":"https:\/\/www.paulus.com.br\/portal\/wp-json\/wp\/v2\/types\/post"}],"author":[{"embeddable":true,"href":"https:\/\/www.paulus.com.br\/portal\/wp-json\/wp\/v2\/users\/3"}],"replies":[{"embeddable":true,"href":"https:\/\/www.paulus.com.br\/portal\/wp-json\/wp\/v2\/comments?post=36362"}],"version-history":[{"count":1,"href":"https:\/\/www.paulus.com.br\/portal\/wp-json\/wp\/v2\/posts\/36362\/revisions"}],"predecessor-version":[{"id":36366,"href":"https:\/\/www.paulus.com.br\/portal\/wp-json\/wp\/v2\/posts\/36362\/revisions\/36366"}],"wp:featuredmedia":[{"embeddable":true,"href":"https:\/\/www.paulus.com.br\/portal\/wp-json\/wp\/v2\/media\/36363"}],"wp:attachment":[{"href":"https:\/\/www.paulus.com.br\/portal\/wp-json\/wp\/v2\/media?parent=36362"}],"wp:term":[{"taxonomy":"category","embeddable":true,"href":"https:\/\/www.paulus.com.br\/portal\/wp-json\/wp\/v2\/categories?post=36362"},{"taxonomy":"post_tag","embeddable":true,"href":"https:\/\/www.paulus.com.br\/portal\/wp-json\/wp\/v2\/tags?post=36362"}],"curies":[{"name":"wp","href":"https:\/\/api.w.org\/{rel}","templated":true}]}}