{"id":36234,"date":"2017-06-27T15:29:28","date_gmt":"2017-06-27T18:29:28","guid":{"rendered":"https:\/\/www.paulus.com.br\/portal\/?p=36234"},"modified":"2017-07-04T11:29:51","modified_gmt":"2017-07-04T14:29:51","slug":"projetos-levam-educacao-e-literatura-para-professores-e-alunos-em-curitiba","status":"publish","type":"post","link":"https:\/\/www.paulus.com.br\/portal\/projetos-levam-educacao-e-literatura-para-professores-e-alunos-em-curitiba\/","title":{"rendered":"Projetos levam educa\u00e7\u00e3o e literatura para professores e alunos em Curitiba"},"content":{"rendered":"<p style=\"text-align: justify;\">Nos dias 20 e 21 de junho, a PAULUS Livraria de Curitiba realizou uma s\u00e9rie de eventos de fomento \u00e0 literatura e \u00e0 educa\u00e7\u00e3o.\u00a0 Na ter\u00e7a-feira (20), as escritoras Roseana Murray e Gloria Kirinus visitaram a Escola Interativa, na capital paranaense, para trocar experi\u00eancias e ideias com os alunos sobre as obras publicadas por elas.<\/p>\n<p style=\"text-align: justify;\">A visita faz parte do projeto A <strong>PAULUS traz \u00e0 sua escola, <\/strong>que permite aos leitores participar do processo de cria\u00e7\u00e3o de uma hist\u00f3ria e os incentiva a observar e interagir com a literatura.<\/p>\n<p><img loading=\"lazy\" decoding=\"async\" class=\"aligncenter size-full wp-image-36236\" src=\"https:\/\/www.paulus.com.br\/portal\/wp-content\/uploads\/2017\/06\/IMG-20170626-WA0001.jpg\" alt=\"\" width=\"750\" height=\"422\" srcset=\"https:\/\/www.paulus.com.br\/portal\/wp-content\/uploads\/2017\/06\/IMG-20170626-WA0001.jpg 750w, https:\/\/www.paulus.com.br\/portal\/wp-content\/uploads\/2017\/06\/IMG-20170626-WA0001-300x169.jpg 300w, https:\/\/www.paulus.com.br\/portal\/wp-content\/uploads\/2017\/06\/IMG-20170626-WA0001-120x68.jpg 120w, https:\/\/www.paulus.com.br\/portal\/wp-content\/uploads\/2017\/06\/IMG-20170626-WA0001-90x51.jpg 90w, https:\/\/www.paulus.com.br\/portal\/wp-content\/uploads\/2017\/06\/IMG-20170626-WA0001-180x101.jpg 180w\" sizes=\"auto, (max-width: 750px) 100vw, 750px\" \/><\/p>\n<p style=\"text-align: justify;\">As autoras foram recebidas com um caf\u00e9 da manh\u00e3 preparado pelos pr\u00f3prios alunos nas aulas de culin\u00e1ria \u2013 todas as receitas foram retiradas do livro <em>Poemas e comidinhas<\/em>, de Roseana Murray. As crian\u00e7as do 1\u00ba ao 5\u00ba ano realizaram diversas atividades com base nos livros estudados; depois, apresentaram o trabalho desenvolvido. Ao final do evento houve sess\u00e3o de aut\u00f3grafos e de fotos.<\/p>\n<p style=\"text-align: justify;\">No mesmo dia, a autora Roseana Murray foi at\u00e9 o Col\u00e9gio Acesso para o encerramento do <strong>Projeto Colet\u00e2nea Liter\u00e1ria<\/strong>. Estiveram presentes cerca de 400 crian\u00e7as do col\u00e9gio. Algumas foram selecionadas para fazer perguntas \u00e0 autora, houve homenagens e Roseana falou sobre leitura, literatura e poesia.<\/p>\n<p><img loading=\"lazy\" decoding=\"async\" class=\"aligncenter size-full wp-image-36241\" src=\"https:\/\/www.paulus.com.br\/portal\/wp-content\/uploads\/2017\/06\/ROSEANANOACESSO.jpg\" alt=\"\" width=\"750\" height=\"422\" srcset=\"https:\/\/www.paulus.com.br\/portal\/wp-content\/uploads\/2017\/06\/ROSEANANOACESSO.jpg 750w, https:\/\/www.paulus.com.br\/portal\/wp-content\/uploads\/2017\/06\/ROSEANANOACESSO-300x169.jpg 300w, https:\/\/www.paulus.com.br\/portal\/wp-content\/uploads\/2017\/06\/ROSEANANOACESSO-120x68.jpg 120w, https:\/\/www.paulus.com.br\/portal\/wp-content\/uploads\/2017\/06\/ROSEANANOACESSO-90x51.jpg 90w, https:\/\/www.paulus.com.br\/portal\/wp-content\/uploads\/2017\/06\/ROSEANANOACESSO-180x101.jpg 180w\" sizes=\"auto, (max-width: 750px) 100vw, 750px\" \/><\/p>\n<p style=\"text-align: justify;\">O Projeto buscou proporcionar aos alunos do Ensino Fundamental a oportunidade de conhecer a vida e as obras de duas autoras nacionais de livros infantis. Al\u00e9m disso, durante os eventos os alunos se engajaram en diversas atividades que, ao final, ser\u00e3o reunidas e relatadas em um livro, que levar\u00e1 o nome do projeto.<\/p>\n<p style=\"text-align: justify;\">Na manh\u00e3 do dia 21, a livraria promoveu a \u201cOficina de cria\u00e7\u00e3o liter\u00e1ria e vitalidade po\u00e9tica \u2013 Lavra-Palavra\u201d, ministrada por Gloria Kirinus e Roseana Murray. O evento reuniu 45 pessoas.<\/p>\n<p style=\"text-align: justify;\">Na parte da noite, cerca de cem pessoas, entre professores, educadores bibliotec\u00e1rios e estudantes das \u00e1reas de Letras e Pedagogia participaram do Semin\u00e1rio PAULUS de Educa\u00e7\u00e3o, realizado no Audit\u00f3rio da FASBAM \u2013 Faculdade S\u00e3o Bas\u00edlio Magno.\u00a0 Os autores Cleber Fabiano, Roseana Murray e Gloria Kirinus participaram de uma roda de conversa sobre a poesia no contexto escolar. O debate buscou estimular o trabalho com a poesia em sala de aula.<\/p>\n<p><img loading=\"lazy\" decoding=\"async\" class=\"aligncenter size-full wp-image-36242\" src=\"https:\/\/www.paulus.com.br\/portal\/wp-content\/uploads\/2017\/06\/simposio1.jpg\" alt=\"\" width=\"750\" height=\"535\" srcset=\"https:\/\/www.paulus.com.br\/portal\/wp-content\/uploads\/2017\/06\/simposio1.jpg 750w, https:\/\/www.paulus.com.br\/portal\/wp-content\/uploads\/2017\/06\/simposio1-300x214.jpg 300w, https:\/\/www.paulus.com.br\/portal\/wp-content\/uploads\/2017\/06\/simposio1-120x86.jpg 120w, https:\/\/www.paulus.com.br\/portal\/wp-content\/uploads\/2017\/06\/simposio1-90x64.jpg 90w, https:\/\/www.paulus.com.br\/portal\/wp-content\/uploads\/2017\/06\/simposio1-180x128.jpg 180w\" sizes=\"auto, (max-width: 750px) 100vw, 750px\" \/><\/p>\n<p>No dia 30 de Junho a livraria realiza o curso, &#8220;Desconstruindo o racismo e a branquitude&#8221;. Mais informa\u00e7\u00f5es:<\/p>\n<p><strong>PAULUS Livraria de Curitiba\/PR<\/strong><br \/>\n<strong>Pra\u00e7a Rui Barbosa, 599 \u2014 Centro \/ Tel.: (41) 3223.6652<\/strong><br \/>\n<strong>WhatsApp: (41) 99948.0089 \/ divulgacaocuritiba@paulus.com.br<\/strong><\/p>\n","protected":false},"excerpt":{"rendered":"<p>Nos dias 20 e 21 de junho, a PAULUS Livraria de Curitiba realizou uma s\u00e9rie de eventos de fomento \u00e0 literatura e \u00e0 educa\u00e7\u00e3o.\u00a0 Na ter\u00e7a-feira (20), as escritoras Roseana Murray e Gloria Kirinus visitaram a Escola Interativa, na capital paranaense, para trocar experi\u00eancias e ideias com os alunos sobre as obras publicadas por elas. [&hellip;]<\/p>\n","protected":false},"author":3,"featured_media":36245,"comment_status":"open","ping_status":"open","sticky":false,"template":"","format":"standard","meta":{"_acf_changed":false,"footnotes":""},"categories":[15],"tags":[744,595,745,199,729],"class_list":["post-36234","post","type-post","status-publish","format-standard","has-post-thumbnail","hentry","category-noticias","tag-curitiba","tag-educacao","tag-lavra-palavra","tag-literatura","tag-seminario-de-educacao"],"acf":[],"aioseo_notices":[],"_links":{"self":[{"href":"https:\/\/www.paulus.com.br\/portal\/wp-json\/wp\/v2\/posts\/36234","targetHints":{"allow":["GET"]}}],"collection":[{"href":"https:\/\/www.paulus.com.br\/portal\/wp-json\/wp\/v2\/posts"}],"about":[{"href":"https:\/\/www.paulus.com.br\/portal\/wp-json\/wp\/v2\/types\/post"}],"author":[{"embeddable":true,"href":"https:\/\/www.paulus.com.br\/portal\/wp-json\/wp\/v2\/users\/3"}],"replies":[{"embeddable":true,"href":"https:\/\/www.paulus.com.br\/portal\/wp-json\/wp\/v2\/comments?post=36234"}],"version-history":[{"count":3,"href":"https:\/\/www.paulus.com.br\/portal\/wp-json\/wp\/v2\/posts\/36234\/revisions"}],"predecessor-version":[{"id":36246,"href":"https:\/\/www.paulus.com.br\/portal\/wp-json\/wp\/v2\/posts\/36234\/revisions\/36246"}],"wp:featuredmedia":[{"embeddable":true,"href":"https:\/\/www.paulus.com.br\/portal\/wp-json\/wp\/v2\/media\/36245"}],"wp:attachment":[{"href":"https:\/\/www.paulus.com.br\/portal\/wp-json\/wp\/v2\/media?parent=36234"}],"wp:term":[{"taxonomy":"category","embeddable":true,"href":"https:\/\/www.paulus.com.br\/portal\/wp-json\/wp\/v2\/categories?post=36234"},{"taxonomy":"post_tag","embeddable":true,"href":"https:\/\/www.paulus.com.br\/portal\/wp-json\/wp\/v2\/tags?post=36234"}],"curies":[{"name":"wp","href":"https:\/\/api.w.org\/{rel}","templated":true}]}}