{"id":33851,"date":"2017-03-14T09:51:57","date_gmt":"2017-03-14T12:51:57","guid":{"rendered":"https:\/\/www.paulus.com.br\/portal\/?p=33851"},"modified":"2017-03-16T09:16:55","modified_gmt":"2017-03-16T12:16:55","slug":"seminario-de-iniciacao-a-vida-crista-reune-cerca-de-250-catequistas-em-sergipe","status":"publish","type":"post","link":"https:\/\/www.paulus.com.br\/portal\/seminario-de-iniciacao-a-vida-crista-reune-cerca-de-250-catequistas-em-sergipe\/","title":{"rendered":"Semin\u00e1rio de Inicia\u00e7\u00e3o \u00e0 Vida Crist\u00e3 re\u00fane cerca de 250 catequistas em Alagoas"},"content":{"rendered":"<p style=\"text-align: justify;\"><img loading=\"lazy\" decoding=\"async\" class=\"aligncenter size-full wp-image-33854\" src=\"https:\/\/www.paulus.com.br\/portal\/wp-content\/uploads\/2017\/03\/IMG_20170311_090606837_HDR-e1489495666336.jpg\" alt=\"\" width=\"750\" height=\"422\" \/><\/p>\n<p style=\"text-align: justify;\">A PAULUS Livraria de Aracaju organizou o primeiro Semin\u00e1rio de Inicia\u00e7\u00e3o \u00e0 Vida Crist\u00e3 em Arapiraca (AL). O evento aconteceu no \u00faltimo s\u00e1bado (11) e contou com a presen\u00e7a de cerca de 250 catequistas no sal\u00e3o paroquial da Igreja Nossa Senhora do Carmo. O encontro foi ministrado pela Equipe Diocesana e Cristiane Ros\u00e1, graduada em Ci\u00eancias da Religi\u00e3o.<\/p>\n<p style=\"text-align: justify;\">A cole\u00e7\u00e3o de catequese <strong>Inicia\u00e7\u00e3o crist\u00e3 de inspira\u00e7\u00e3o catecumenal<\/strong> visa ajudar as comunidades na forma\u00e7\u00e3o e constru\u00e7\u00e3o das bases da vida crist\u00e3: o Batismo, a Eucaristia e a Crisma.\u00a0 A colet\u00e2nea \u00e9 dividida em tr\u00eas partes e traz conte\u00fados espec\u00edficos para as fases da vida de um crist\u00e3o.<\/p>\n<p style=\"text-align: justify;\">Os quatro primeiros volumes da cole\u00e7\u00e3o abordam de temas relacionados ao batismo. Com conte\u00fados formativos, o material oferece aos pais e padrinhos o ponto de partida para uma boa catequese em fam\u00edlia, j\u00e1 que \u00e9 dentro do conv\u00edvio familiar que uma crian\u00e7a come\u00e7a a ser catequizada. Os demais volumes trabalham de forma din\u00e2mica e linguagem atual a Eucaristia e o Crisma, buscando preparar os jovens para receber os sacramentos e se tornar verdadeiros disc\u00edpulos mission\u00e1rios.<\/p>\n","protected":false},"excerpt":{"rendered":"<p>A PAULUS Livraria de Aracaju organizou o primeiro Semin\u00e1rio de Inicia\u00e7\u00e3o \u00e0 Vida Crist\u00e3 em Arapiraca (AL). O evento aconteceu no \u00faltimo s\u00e1bado (11) e contou com a presen\u00e7a de cerca de 250 catequistas no sal\u00e3o paroquial da Igreja Nossa Senhora do Carmo. O encontro foi ministrado pela Equipe Diocesana e Cristiane Ros\u00e1, graduada em [&hellip;]<\/p>\n","protected":false},"author":3,"featured_media":33852,"comment_status":"open","ping_status":"open","sticky":false,"template":"","format":"standard","meta":{"_acf_changed":false,"footnotes":""},"categories":[15],"tags":[713,712,626,711,714,710,709,162],"class_list":["post-33851","post","type-post","status-publish","format-standard","has-post-thumbnail","hentry","category-noticias","tag-aracaju","tag-batismo","tag-catequese","tag-crisma","tag-paulus-aracaju","tag-seminario","tag-sergipe","tag-vida-crista"],"acf":[],"aioseo_notices":[],"_links":{"self":[{"href":"https:\/\/www.paulus.com.br\/portal\/wp-json\/wp\/v2\/posts\/33851","targetHints":{"allow":["GET"]}}],"collection":[{"href":"https:\/\/www.paulus.com.br\/portal\/wp-json\/wp\/v2\/posts"}],"about":[{"href":"https:\/\/www.paulus.com.br\/portal\/wp-json\/wp\/v2\/types\/post"}],"author":[{"embeddable":true,"href":"https:\/\/www.paulus.com.br\/portal\/wp-json\/wp\/v2\/users\/3"}],"replies":[{"embeddable":true,"href":"https:\/\/www.paulus.com.br\/portal\/wp-json\/wp\/v2\/comments?post=33851"}],"version-history":[{"count":4,"href":"https:\/\/www.paulus.com.br\/portal\/wp-json\/wp\/v2\/posts\/33851\/revisions"}],"predecessor-version":[{"id":34638,"href":"https:\/\/www.paulus.com.br\/portal\/wp-json\/wp\/v2\/posts\/33851\/revisions\/34638"}],"wp:featuredmedia":[{"embeddable":true,"href":"https:\/\/www.paulus.com.br\/portal\/wp-json\/wp\/v2\/media\/33852"}],"wp:attachment":[{"href":"https:\/\/www.paulus.com.br\/portal\/wp-json\/wp\/v2\/media?parent=33851"}],"wp:term":[{"taxonomy":"category","embeddable":true,"href":"https:\/\/www.paulus.com.br\/portal\/wp-json\/wp\/v2\/categories?post=33851"},{"taxonomy":"post_tag","embeddable":true,"href":"https:\/\/www.paulus.com.br\/portal\/wp-json\/wp\/v2\/tags?post=33851"}],"curies":[{"name":"wp","href":"https:\/\/api.w.org\/{rel}","templated":true}]}}