{"id":33187,"date":"2017-02-07T14:46:42","date_gmt":"2017-02-07T16:46:42","guid":{"rendered":"https:\/\/www.paulus.com.br\/portal\/?p=33187"},"modified":"2017-02-09T09:16:31","modified_gmt":"2017-02-09T11:16:31","slug":"doutrina-social-da-igreja-em-linguagem-jovem-e-tema-de-workshop-em-brasilia","status":"publish","type":"post","link":"https:\/\/www.paulus.com.br\/portal\/doutrina-social-da-igreja-em-linguagem-jovem-e-tema-de-workshop-em-brasilia\/","title":{"rendered":"Doutrina Social da Igreja em linguagem jovem \u00e9 tema de workshop em Bras\u00edlia"},"content":{"rendered":"<p><img loading=\"lazy\" decoding=\"async\" class=\"aligncenter wp-image-33177\" src=\"https:\/\/www.paulus.com.br\/portal\/wp-content\/uploads\/2017\/02\/IMG-20170206-WA0019-e1486473302795.jpg\" width=\"750\" height=\"373\" \/><\/p>\n<p style=\"text-align: justify;\">No \u00faltimo dia 4 de fevereiro, a PAULUS Livraria de Bras\u00edlia iniciou um workshop sobre o DOCAT. O curso \u00e9 composto por tr\u00eas m\u00f3dulos, em que ser\u00e3o debatidos os principais temas do livro que apresenta a Doutrina Social da Igreja numa linguagem jovem.<\/p>\n<p style=\"text-align: justify;\">Na primeira etapa do curso, por cerca de 3 horas os mais de 40 cursistas discutiram e partilharam em grupos o tema <em>O que \u00e9 a Doutrina Social da Igreja.<\/em> A forma\u00e7\u00e3o foi coordenada pelos mission\u00e1rios Jer\u00f4nimo Lauricio e Danilo Luiz, respons\u00e1veis pelo YOUCAT Center Brasil. Segundo Concei\u00e7\u00e3o Aparecida e Regina Silva, participantes do evento, a forma\u00e7\u00e3o foi muito proveitosa e edificante.<\/p>\n<p style=\"text-align: justify;\">O Workshop DOCAT ter\u00e1 continuidade no pr\u00f3ximo dia 4 de mar\u00e7o, a partir das 9h15, e trar\u00e1 o tema <em>A dignidade da pessoa humana \u00e0 luz do Evangelho<\/em>. Os interessados podem entrar em contato atrav\u00e9s do e-mail brasilia@paulus.com.br ou pelos telefones:\u00a0(61) 3225.9847\/ 3224.3690<\/p>\n","protected":false},"excerpt":{"rendered":"<p>No \u00faltimo dia 4 de fevereiro, a PAULUS Livraria de Bras\u00edlia iniciou um workshop sobre o DOCAT. O curso \u00e9 composto por tr\u00eas m\u00f3dulos, em que ser\u00e3o debatidos os principais temas do livro que apresenta a Doutrina Social da Igreja numa linguagem jovem. Na primeira etapa do curso, por cerca de 3 horas os mais [&hellip;]<\/p>\n","protected":false},"author":3,"featured_media":33174,"comment_status":"open","ping_status":"open","sticky":false,"template":"","format":"standard","meta":{"_acf_changed":false,"footnotes":""},"categories":[15],"tags":[694,687,685,433,686,327,161],"class_list":["post-33187","post","type-post","status-publish","format-standard","has-post-thumbnail","hentry","category-noticias","tag-brasilia","tag-docat","tag-doutrina-da-igreja","tag-evangelho","tag-papa-francisco","tag-paulus-livraria","tag-youcat"],"acf":[],"aioseo_notices":[],"_links":{"self":[{"href":"https:\/\/www.paulus.com.br\/portal\/wp-json\/wp\/v2\/posts\/33187","targetHints":{"allow":["GET"]}}],"collection":[{"href":"https:\/\/www.paulus.com.br\/portal\/wp-json\/wp\/v2\/posts"}],"about":[{"href":"https:\/\/www.paulus.com.br\/portal\/wp-json\/wp\/v2\/types\/post"}],"author":[{"embeddable":true,"href":"https:\/\/www.paulus.com.br\/portal\/wp-json\/wp\/v2\/users\/3"}],"replies":[{"embeddable":true,"href":"https:\/\/www.paulus.com.br\/portal\/wp-json\/wp\/v2\/comments?post=33187"}],"version-history":[{"count":8,"href":"https:\/\/www.paulus.com.br\/portal\/wp-json\/wp\/v2\/posts\/33187\/revisions"}],"predecessor-version":[{"id":33200,"href":"https:\/\/www.paulus.com.br\/portal\/wp-json\/wp\/v2\/posts\/33187\/revisions\/33200"}],"wp:featuredmedia":[{"embeddable":true,"href":"https:\/\/www.paulus.com.br\/portal\/wp-json\/wp\/v2\/media\/33174"}],"wp:attachment":[{"href":"https:\/\/www.paulus.com.br\/portal\/wp-json\/wp\/v2\/media?parent=33187"}],"wp:term":[{"taxonomy":"category","embeddable":true,"href":"https:\/\/www.paulus.com.br\/portal\/wp-json\/wp\/v2\/categories?post=33187"},{"taxonomy":"post_tag","embeddable":true,"href":"https:\/\/www.paulus.com.br\/portal\/wp-json\/wp\/v2\/tags?post=33187"}],"curies":[{"name":"wp","href":"https:\/\/api.w.org\/{rel}","templated":true}]}}