{"id":33138,"date":"2017-02-06T11:38:35","date_gmt":"2017-02-06T13:38:35","guid":{"rendered":"https:\/\/www.paulus.com.br\/portal\/?p=33138"},"modified":"2017-02-06T11:38:35","modified_gmt":"2017-02-06T13:38:35","slug":"formacao-sobre-o-docat-reune-jovens-em-sao-jose-do-rio-preto","status":"publish","type":"post","link":"https:\/\/www.paulus.com.br\/portal\/formacao-sobre-o-docat-reune-jovens-em-sao-jose-do-rio-preto\/","title":{"rendered":"Forma\u00e7\u00e3o sobre o DOCAT re\u00fane jovens em S\u00e3o Jos\u00e9 do Rio Preto"},"content":{"rendered":"<p style=\"text-align: justify;\"><img loading=\"lazy\" decoding=\"async\" class=\"aligncenter size-full wp-image-33144\" src=\"https:\/\/www.paulus.com.br\/portal\/wp-content\/uploads\/2017\/02\/IMG-20170201-WA0035-e1486387695939.jpg\" alt=\"\" width=\"750\" height=\"422\" \/><\/p>\n<p style=\"text-align: justify;\">O livro <em>DOCAT \u2013 Como agir?<\/em> foi tema de mais um evento promovido pela PAULUS Editora. Durante os dias 31 de janeiro, 1\u00ba e 2 de fevereiro, a PAULUS Livraria de S\u00e3o Jos\u00e9 do Rio Preto promoveu o curso sobre a Doutrina Social da Igreja. Os encontros aconteceram na Catedral de S\u00e3o Jos\u00e9 e contaram com a participa\u00e7\u00e3o de cerca de 100 pessoas.O p\u00fablico presente era composto principalmente por lideran\u00e7as de grupos e comunidades da diocese. No decorrer da forma\u00e7\u00e3o foram debatidos diversos temas abordados pelo livro, como meio ambiente, Igreja e sociedade, fam\u00edlia e o bem comum. O facilitador Pe. Rafael Dalben Ferrarez, assessor diocesano do Setor Juventude da regi\u00e3o, prop\u00f4s aos jovens que trabalhassem em seus grupos um t\u00f3pico por m\u00eas e incentivou que os jovens colocassem em pr\u00e1tica a doutrina da Igreja.<\/p>\n<p style=\"text-align: justify;\">\n","protected":false},"excerpt":{"rendered":"<p>O livro DOCAT \u2013 Como agir? foi tema de mais um evento promovido pela PAULUS Editora. Durante os dias 31 de janeiro, 1\u00ba e 2 de fevereiro, a PAULUS Livraria de S\u00e3o Jos\u00e9 do Rio Preto promoveu o curso sobre a Doutrina Social da Igreja. Os encontros aconteceram na Catedral de S\u00e3o Jos\u00e9 e contaram [&hellip;]<\/p>\n","protected":false},"author":3,"featured_media":33139,"comment_status":"open","ping_status":"open","sticky":false,"template":"","format":"standard","meta":{"_acf_changed":false,"footnotes":""},"categories":[15],"tags":[687,685,333],"class_list":["post-33138","post","type-post","status-publish","format-standard","has-post-thumbnail","hentry","category-noticias","tag-docat","tag-doutrina-da-igreja","tag-paulus"],"acf":[],"aioseo_notices":[],"_links":{"self":[{"href":"https:\/\/www.paulus.com.br\/portal\/wp-json\/wp\/v2\/posts\/33138","targetHints":{"allow":["GET"]}}],"collection":[{"href":"https:\/\/www.paulus.com.br\/portal\/wp-json\/wp\/v2\/posts"}],"about":[{"href":"https:\/\/www.paulus.com.br\/portal\/wp-json\/wp\/v2\/types\/post"}],"author":[{"embeddable":true,"href":"https:\/\/www.paulus.com.br\/portal\/wp-json\/wp\/v2\/users\/3"}],"replies":[{"embeddable":true,"href":"https:\/\/www.paulus.com.br\/portal\/wp-json\/wp\/v2\/comments?post=33138"}],"version-history":[{"count":5,"href":"https:\/\/www.paulus.com.br\/portal\/wp-json\/wp\/v2\/posts\/33138\/revisions"}],"predecessor-version":[{"id":33158,"href":"https:\/\/www.paulus.com.br\/portal\/wp-json\/wp\/v2\/posts\/33138\/revisions\/33158"}],"wp:featuredmedia":[{"embeddable":true,"href":"https:\/\/www.paulus.com.br\/portal\/wp-json\/wp\/v2\/media\/33139"}],"wp:attachment":[{"href":"https:\/\/www.paulus.com.br\/portal\/wp-json\/wp\/v2\/media?parent=33138"}],"wp:term":[{"taxonomy":"category","embeddable":true,"href":"https:\/\/www.paulus.com.br\/portal\/wp-json\/wp\/v2\/categories?post=33138"},{"taxonomy":"post_tag","embeddable":true,"href":"https:\/\/www.paulus.com.br\/portal\/wp-json\/wp\/v2\/tags?post=33138"}],"curies":[{"name":"wp","href":"https:\/\/api.w.org\/{rel}","templated":true}]}}