{"id":33019,"date":"2017-01-16T12:13:25","date_gmt":"2017-01-16T14:13:25","guid":{"rendered":"https:\/\/www.paulus.com.br\/portal\/?p=33019"},"modified":"2017-01-16T13:11:44","modified_gmt":"2017-01-16T15:11:44","slug":"lancamento-docat-fortaleza","status":"publish","type":"post","link":"https:\/\/www.paulus.com.br\/portal\/lancamento-docat-fortaleza\/","title":{"rendered":"PAULUS Livraria de Fortaleza realiza o lan\u00e7amento da obra DOCAT \u2013 Como Agir?"},"content":{"rendered":"<p>Na \u00faltima quinta-feira (12), a PAULUS Editora, em parceria com o Centro Inaciano da Juventude, realizou o lan\u00e7amento do livro <em>DOCAT \u2013 Como agir?<\/em> em Fortaleza (CE). Com o objetivo de promover a obra e estreitar os la\u00e7os entre as comunidades, o evento reuniu cerca de 50 jovens.<\/p>\n<p style=\"text-align: justify;\"><img loading=\"lazy\" decoding=\"async\" class=\"aligncenter size-full wp-image-33022\" src=\"https:\/\/www.paulus.com.br\/portal\/wp-content\/uploads\/2017\/01\/20170112_155706-1.jpg\" alt=\"\" width=\"768\" height=\"461\" srcset=\"https:\/\/www.paulus.com.br\/portal\/wp-content\/uploads\/2017\/01\/20170112_155706-1.jpg 768w, https:\/\/www.paulus.com.br\/portal\/wp-content\/uploads\/2017\/01\/20170112_155706-1-300x180.jpg 300w, https:\/\/www.paulus.com.br\/portal\/wp-content\/uploads\/2017\/01\/20170112_155706-1-120x72.jpg 120w, https:\/\/www.paulus.com.br\/portal\/wp-content\/uploads\/2017\/01\/20170112_155706-1-90x54.jpg 90w, https:\/\/www.paulus.com.br\/portal\/wp-content\/uploads\/2017\/01\/20170112_155706-1-180x108.jpg 180w\" sizes=\"auto, (max-width: 768px) 100vw, 768px\" \/><\/p>\n<p><em>\u00a0<\/em>Com muita propriedade no assunto, o di\u00e1cono Fernando Antonio Cavalcante, da Diocese de Crato, exp\u00f4s as principais ideias do livro e explicou como a obra foi articulada e contextualizada para os dias atuais, oferecendo aos jovens um maior conhecimento da Doutrina Social da Igreja.<\/p>\n<p style=\"text-align: justify;\"><em>DOCAT \u2013 Como agir? <\/em>\u00e9 a continua\u00e7\u00e3o de um projeto que surgiu em 2006, ap\u00f3s a JMJ de Col\u00f4nia na Alemanha, e que foi difundindo entre os jovens do mundo todo na JMJ de Madri, em 2011. A ideia do <em>DOCAT<\/em> surgiu entre alguns jovens norte-americanos que estudaram o <em>YOUCAT,<\/em> e a sua inquieta\u00e7\u00e3o os instigou a querer mais. Eles queriam saber sua principal tarefa enquanto crist\u00e3os.<\/p>\n<p style=\"text-align: justify;\">Seguindo os mesmos passos do <em>YOUCAT<\/em>, a obra come\u00e7ou a sair do papel entre os anos 2012 e 2015. Foi muito bem pensada e estudada, por uma equipe de especialistas em Doutrina da Igreja, estudiosos e jovens do todo o mundo. Enfim, o livro foi publicado pela Confer\u00eancia Episcopal Austr\u00edaca, com a aprova\u00e7\u00e3o da Congrega\u00e7\u00e3o da Doutrina da F\u00e9 e do Pontif\u00edcio Conselho para a Promo\u00e7\u00e3o da Nova Evangeliza\u00e7\u00e3o.<\/p>\n<p style=\"text-align: justify;\">Utilizando uma linguagem jovem, a publica\u00e7\u00e3o cont\u00e9m 328 perguntas e respostas sobre os mais variados temas, como o amor, a Igreja e a sociedade, a pessoa humana, o meio ambiente, a paz e a pr\u00e1tica da caridade.<\/p>\n","protected":false},"excerpt":{"rendered":"<p>Na \u00faltima quinta-feira (12), a PAULUS Editora, em parceria com o Centro Inaciano da Juventude, realizou o lan\u00e7amento do livro DOCAT \u2013 Como agir? em Fortaleza (CE). Com o objetivo de promover a obra e estreitar os la\u00e7os entre as comunidades, o evento reuniu cerca de 50 jovens. \u00a0Com muita propriedade no assunto, o di\u00e1cono [&hellip;]<\/p>\n","protected":false},"author":3,"featured_media":33023,"comment_status":"open","ping_status":"open","sticky":false,"template":"","format":"standard","meta":{"_acf_changed":false,"footnotes":""},"categories":[15],"tags":[687,685,231,688,163,317,686,333,327,161],"class_list":["post-33019","post","type-post","status-publish","format-standard","has-post-thumbnail","hentry","category-noticias","tag-docat","tag-doutrina-da-igreja","tag-fe","tag-fortaleza","tag-igreja","tag-jovens","tag-papa-francisco","tag-paulus","tag-paulus-livraria","tag-youcat"],"acf":[],"aioseo_notices":[],"_links":{"self":[{"href":"https:\/\/www.paulus.com.br\/portal\/wp-json\/wp\/v2\/posts\/33019","targetHints":{"allow":["GET"]}}],"collection":[{"href":"https:\/\/www.paulus.com.br\/portal\/wp-json\/wp\/v2\/posts"}],"about":[{"href":"https:\/\/www.paulus.com.br\/portal\/wp-json\/wp\/v2\/types\/post"}],"author":[{"embeddable":true,"href":"https:\/\/www.paulus.com.br\/portal\/wp-json\/wp\/v2\/users\/3"}],"replies":[{"embeddable":true,"href":"https:\/\/www.paulus.com.br\/portal\/wp-json\/wp\/v2\/comments?post=33019"}],"version-history":[{"count":3,"href":"https:\/\/www.paulus.com.br\/portal\/wp-json\/wp\/v2\/posts\/33019\/revisions"}],"predecessor-version":[{"id":33025,"href":"https:\/\/www.paulus.com.br\/portal\/wp-json\/wp\/v2\/posts\/33019\/revisions\/33025"}],"wp:featuredmedia":[{"embeddable":true,"href":"https:\/\/www.paulus.com.br\/portal\/wp-json\/wp\/v2\/media\/33023"}],"wp:attachment":[{"href":"https:\/\/www.paulus.com.br\/portal\/wp-json\/wp\/v2\/media?parent=33019"}],"wp:term":[{"taxonomy":"category","embeddable":true,"href":"https:\/\/www.paulus.com.br\/portal\/wp-json\/wp\/v2\/categories?post=33019"},{"taxonomy":"post_tag","embeddable":true,"href":"https:\/\/www.paulus.com.br\/portal\/wp-json\/wp\/v2\/tags?post=33019"}],"curies":[{"name":"wp","href":"https:\/\/api.w.org\/{rel}","templated":true}]}}