{"id":29880,"date":"2016-09-17T14:29:30","date_gmt":"2016-09-17T17:29:30","guid":{"rendered":"https:\/\/www.paulus.com.br\/portal\/?p=29880"},"modified":"2016-08-17T14:30:01","modified_gmt":"2016-08-17T17:30:01","slug":"estereoritipizacao-do-diferente-nas-midias","status":"publish","type":"post","link":"https:\/\/www.paulus.com.br\/portal\/estereoritipizacao-do-diferente-nas-midias\/","title":{"rendered":"Estereoritipiza\u00e7\u00e3o do diferente nas m\u00eddias"},"content":{"rendered":"<p style=\"text-align: justify;\">Acreditava-se que, com mais informa\u00e7\u00e3o, mais janelas abertas ao mundo, mais imagens do \u201coutro\u201d, haveria redu\u00e7\u00e3o dos estere\u00f3tipos e dos preconceitos em proveito de mais toler\u00e2ncia, mas, por enquanto, isso n\u00e3o ocorreu. O mundo mais interligado por meios atuais de comunica\u00e7\u00e3o n\u00e3o significou at\u00e9 agora a emerg\u00eancia de um mundo mais tolerante, o que se observa, por exemplo, em surtos de racismo e de xenofobia em est\u00e1dios de futebol em pa\u00edses sem hist\u00f3ria anterior de racismo.<\/p>\n<blockquote>\n<p style=\"text-align: justify;\">O diferente, antes menos vis\u00edvel, est\u00e1 atualmente onipresente por meio das m\u00eddias e das viagens, mas essa visibilidade n\u00e3o cria for\u00e7osamente mais compreens\u00e3o. Quanto mais visibilidade h\u00e1, mais as diferen\u00e7as s\u00e3o tamb\u00e9m vis\u00edveis e o outro permanece t\u00e3o misterioso, exotizado, ou estereotipado quanto antes, o que acontece at\u00e9 mesmo no interior dos pr\u00f3prios pa\u00edses, tanto mais em rela\u00e7\u00e3o a pa\u00edses diferentes.<\/p>\n<\/blockquote>\n<p style=\"text-align: justify;\">Os imigrantes s\u00e3o alvos de muitos estere\u00f3tipos, atualmente isso se manifesta sobretudo na Europa e EUA, mas tamb\u00e9m em diversos outros lugares, inclusive, entre regi\u00f5es internas de muitos pa\u00edses, como \u00e9 o caso do Brasil. Os pa\u00edses mais ricos economicamente, sobretudo os EUA, donos das principais ind\u00fastrias culturais do mundo, conforme, paradoxalmente pregam ao mesmo tempo a desregulamenta\u00e7\u00e3o e o livre com\u00e9rcio para vender seus produtos, difundem informa\u00e7\u00e3o que \u201cdiaboliza e caricatura sistematicamente seus \u201cinimigos\u201d; fecham seus pa\u00edses \u00e0s outras partes do mundo, especialmente \u00e0s mais pobres, sob o pretexto da luta contra o terrorismo<\/p>\n<blockquote>\n<p style=\"text-align: justify;\">Os imigrantes e refugiados estigmatizados e rejeitados s\u00e3o a demonstra\u00e7\u00e3o mais evidente de que, a despeito do discurso sobre a abertura, existem sempre duas categorias de cidad\u00e3os: os nacionais e os outros, com a perman\u00eancia e at\u00e9 cria\u00e7\u00e3o e intensifica\u00e7\u00e3o de estere\u00f3tipos, preconceitos, xenofobia e fronteiras.<\/p>\n<\/blockquote>\n<p style=\"text-align: justify;\">A globaliza\u00e7\u00e3o, que era imaginada apenas como um potente acelerador de homogeneiza\u00e7\u00e3o, est\u00e1 mostrando-se tamb\u00e9m como um potente acelerador de contradi\u00e7\u00e3o. A chamada \u201cglobaliza\u00e7\u00e3o das t\u00e9cnicas\u201d n\u00e3o aproxima for\u00e7osamente os pontos de vista diferentes, ao contr\u00e1rio, ela torna muitas vezes menos suport\u00e1veis as diferen\u00e7as culturais, o que \u00e9 muito vis\u00edvel na explos\u00e3o das express\u00f5es de \u00f3dio e de intoler\u00e2ncia que acontece em larga escala na\u00a0internet.<\/p>\n<p>&nbsp;<\/p>\n","protected":false},"excerpt":{"rendered":"<p>Acreditava-se que, com mais informa\u00e7\u00e3o, mais janelas abertas ao mundo, mais imagens do \u201coutro\u201d, haveria redu\u00e7\u00e3o dos estere\u00f3tipos e dos preconceitos em proveito de mais toler\u00e2ncia, mas, por enquanto, isso n\u00e3o ocorreu. O mundo mais interligado por meios atuais de comunica\u00e7\u00e3o n\u00e3o significou at\u00e9 agora a emerg\u00eancia de um mundo mais tolerante, o que se [&hellip;]<\/p>\n","protected":false},"author":57,"featured_media":0,"comment_status":"open","ping_status":"open","sticky":false,"template":"","format":"standard","meta":{"_acf_changed":false,"footnotes":""},"categories":[356],"tags":[],"class_list":["post-29880","post","type-post","status-publish","format-standard","hentry","category-colunista"],"acf":[],"aioseo_notices":[],"_links":{"self":[{"href":"https:\/\/www.paulus.com.br\/portal\/wp-json\/wp\/v2\/posts\/29880","targetHints":{"allow":["GET"]}}],"collection":[{"href":"https:\/\/www.paulus.com.br\/portal\/wp-json\/wp\/v2\/posts"}],"about":[{"href":"https:\/\/www.paulus.com.br\/portal\/wp-json\/wp\/v2\/types\/post"}],"author":[{"embeddable":true,"href":"https:\/\/www.paulus.com.br\/portal\/wp-json\/wp\/v2\/users\/57"}],"replies":[{"embeddable":true,"href":"https:\/\/www.paulus.com.br\/portal\/wp-json\/wp\/v2\/comments?post=29880"}],"version-history":[{"count":3,"href":"https:\/\/www.paulus.com.br\/portal\/wp-json\/wp\/v2\/posts\/29880\/revisions"}],"predecessor-version":[{"id":29883,"href":"https:\/\/www.paulus.com.br\/portal\/wp-json\/wp\/v2\/posts\/29880\/revisions\/29883"}],"wp:attachment":[{"href":"https:\/\/www.paulus.com.br\/portal\/wp-json\/wp\/v2\/media?parent=29880"}],"wp:term":[{"taxonomy":"category","embeddable":true,"href":"https:\/\/www.paulus.com.br\/portal\/wp-json\/wp\/v2\/categories?post=29880"},{"taxonomy":"post_tag","embeddable":true,"href":"https:\/\/www.paulus.com.br\/portal\/wp-json\/wp\/v2\/tags?post=29880"}],"curies":[{"name":"wp","href":"https:\/\/api.w.org\/{rel}","templated":true}]}}