{"id":27886,"date":"2016-04-15T21:38:50","date_gmt":"2016-04-16T00:38:50","guid":{"rendered":"http:\/\/www.paulus.com.br\/portal\/?p=27886"},"modified":"2016-04-15T21:38:50","modified_gmt":"2016-04-16T00:38:50","slug":"esse-impeachment-e-mentira-das-elites-e-cinismo-de-certos-setores-da-sociedade","status":"publish","type":"post","link":"https:\/\/www.paulus.com.br\/portal\/esse-impeachment-e-mentira-das-elites-e-cinismo-de-certos-setores-da-sociedade\/","title":{"rendered":"Esse impeachment \u00e9 mentira das elites e cinismo de certos setores da sociedade"},"content":{"rendered":"<p style=\"text-align: justify;\">A declara\u00e7\u00e3o da 54\u00aa Assembleia Geral da Conferencia Nacional dos Bispos do Brasil (CNBB) \u201csobre o momento nacional\u201d, publicada no \u00faltimo dia 14, come\u00e7a citando um trecho do di\u00e1logo entre Jesus e um mestre de Israel, Nicodemos: \u201cQuem pratica a verdade aproxima-se da luz\u201d (Jo 3,21).<\/p>\n<blockquote>\n<p style=\"text-align: justify;\">Nicodemos nutria simpatias pela pessoa e mensagem de Jesus, mas \u00e0s escondidas. Ele vai encontrar Jesus \u00e0 noite (Jo 3,2), no anonimato das sombras, mas Jesus o desafia a p\u00f4r \u00e0 descoberto os interesses que ele, Nicodemos, defendia.<\/p>\n<\/blockquote>\n<p style=\"text-align: justify;\">O termo verdade \u00e9 associado \u00e0 luz e, por consequ\u00eancia, \u00e0 lucidez, \u00e0 capacidade de pensar a realidade com clareza. Ademais, a verdade exige que os interesses sejam manifestos. O evangelho emprega, na declina\u00e7\u00e3o adequada, o termo grego al\u00e9theia (\u1f00\u03bb\u1f75\u03b8\u03b5\u03b9\u03b1). \u201cA\u201d indica nega\u00e7\u00e3o, \u201cl\u00e9the\u201d significa esquecimento. Portanto, o evangelho assume que <em>a verdade \u00e9 o n\u00e3o-esquecido, a auto-manifesta\u00e7\u00e3o da realidade ao conhecimento das pessoas<\/em>. O contr\u00e1rio seria a apar\u00eancia, a obscuridade, o esquecimento ou o encobrimento da realidade das coisas.<\/p>\n<blockquote>\n<p style=\"text-align: justify;\">Pois bem, estamos mergulhados numa crise econ\u00f4mica retroalimentada pela crise pol\u00edtica, e vice-versa, numa propor\u00e7\u00e3o sem precedentes em nossa hist\u00f3ria. Por isso, o conselho do evangelho deve nos mover: buscar a luz, n\u00e3o esquecer a realidade, n\u00e3o ficar s\u00f3 com a narrativa da velha m\u00eddia.<\/p>\n<\/blockquote>\n<p style=\"text-align: justify;\">A sombra da neutralidade tamb\u00e9m n\u00e3o \u00e9 uma alternativa aceit\u00e1vel do ponto de vista \u00e9tico. Em face de quest\u00f5es t\u00e3o decisivas para a vida do povo, quem n\u00e3o se posicionar, quem n\u00e3o praticar a verdade, ser\u00e1 vomitado pela hist\u00f3ria como um verme (cf. Ap 3,16).<\/p>\n<p style=\"text-align: justify;\">N\u00e3o podemos esquecer de alguns pontos, sem os quais n\u00e3o podemos pensar com lucidez e compreender a crise em curso. A verdade \u00e9 o n\u00e3o-esquecido. Pois, ent\u00e3o, lembremos:<\/p>\n<p style=\"text-align: justify;\"><em>Em primeiro lugar, n\u00e3o esquecer que h\u00e1 uma crise econ\u00f4mica em escala mundial.<\/em> Tal crise resulta da natureza corrupta do sistema econ\u00f4mico capitalista. \u201cEsta economia mata\u201d, afirmou o Papa Francisco na <em>Evangelii gaudium<\/em> (n. 53), em 2014<em>.<\/em><\/p>\n<p style=\"text-align: justify;\">O marco jur\u00eddico do sistema econ\u00f4mico capitalista legitima a corrup\u00e7\u00e3o. Os <em>Panama Papers<\/em> mostram como ricos do mundo inteiro se valem da estrutura legal do capitalismo para esconder a sua riqueza em para\u00edsos fiscais. Uma solidariedade sombria os une na malandragem legalizada. Conforme os papeis vazados recentemente, at\u00e9 mesmo um ex-presidente do Supremo Tribunal Federal do Brasil, o juiz Joaquim Barbosa, valeu-se de uma <em>offshore<\/em> para fazer neg\u00f3cios \u201cmais vantajosos\u201d no exterior. Tudo dentro da lei.<\/p>\n<blockquote>\n<p style=\"text-align: justify;\">O dinheiro atravessa fronteiras como o \u00fanico ente livre e invenc\u00edvel. Um poder impessoal operado por ricos. Implac\u00e1vel, quando o assunto \u00e9 lucrar em cima dos trabalhadores e explorar a riqueza dos povos.<\/p>\n<\/blockquote>\n<p style=\"text-align: justify;\"><em>Em segundo lugar, a nossa sociedade carrega o peso da heran\u00e7a escravagista.<\/em> Na sala de estar da casa grande, o conforto. No por\u00e3o da senzala, o sofrimento dos escravos.<\/p>\n<p style=\"text-align: justify;\">A escravid\u00e3o foi uma institui\u00e7\u00e3o total durante quatro s\u00e9culos da nossa hist\u00f3ria. A explora\u00e7\u00e3o e as desigualdades sociais foram naturalizadas no nosso imagin\u00e1rio. Ainda achamos normal uma pessoa explorar outras. A nossa classe m\u00e9dia, por exemplo, t\u00e3o engajada na luta contra a corrup\u00e7\u00e3o e, ultimamente, contra o mal, nutre uma profunda admira\u00e7\u00e3o pelos ricos e opressores, e ela pr\u00f3pria explora os trabalhadores no seu dia a dia. Paga mal sua empregada dom\u00e9stica, o cabelereiro, a manicure, o jardineiro, o gar\u00e7om. Muitas vezes manifesta desprezo por tudo o que \u00e9 p\u00fablico.<\/p>\n<p style=\"text-align: justify;\"><em>Em terceiro lugar, n\u00e3o esquecer que o estado brasileiro sempre foi um arranjo para defender os interesses das elites<\/em>. N\u00e3o \u00e9 organizado para defender o bem comum, os interesses econ\u00f4micos dos pobres. At\u00e9 hoje n\u00e3o foi feita a reforma agr\u00e1ria, os povos ind\u00edgenas s\u00e3o reconhecidos apenas formalmente, os direitos dos trabalhadores est\u00e3o sob constante amea\u00e7a, o capital internacional ronda as riquezas nacionais que ainda restam, os programas sociais s\u00e3o vistos pelos rentistas como um problema ao equil\u00edbrio das contas p\u00fablicas. H\u00e1 uma guerra sem tr\u00e9gua contra os pobres.<\/p>\n<p style=\"text-align: justify;\">O Minist\u00e9rio P\u00fablico, uma institui\u00e7\u00e3o de Estado, faz combate seletivo \u00e0 corrup\u00e7\u00e3o. A Pol\u00edcia Federal investiga todo mundo, como fica demonstrado na profus\u00e3o de opera\u00e7\u00f5es que atingem todo o espectro pol\u00edtico e o alto baronato econ\u00f4mico. Mas a sistem\u00e1tica do Minist\u00e9rio P\u00fablico tem sido denunciar apenas o que atinge os setores pol\u00edticos progressistas do pa\u00eds. S\u00e3o os \u00f3rg\u00e3os de Estado, ocupados por gente bem nascida, a servi\u00e7o das elites.<\/p>\n<p style=\"text-align: justify;\"><em>Em quarto lugar, n\u00e3o esquecer que a nossa democracia \u00e9 sem povo. <\/em>O povo \u00e9 chamado s\u00f3 em tempos de elei\u00e7\u00f5es. A nossa democracia funciona \u00e0 base de negociatas entre partidos e algumas corpora\u00e7\u00f5es. O povo fica de fora. Recentemente, a proposta dos conselhos populares foi boicotada pelos setores conservadores, sob a alega\u00e7\u00e3o de bolivarianismo. E assim, sem a participa\u00e7\u00e3o mais efetiva do povo, chegamos ao ponto de um condom\u00ednio de deputados picaretas conduzir um processo de impedimento da presidente da rep\u00fablica.<\/p>\n<p style=\"text-align: justify;\"><em>Em quinto lugar, n\u00e3o esquecer que os meios de comunica\u00e7\u00e3o social s\u00e3o monopolizados por algumas fam\u00edlias. <\/em>Elas t\u00eam o microfone, e o usam para defender os seus pr\u00f3prios interesses econ\u00f4micos, contra os interesses do povo. Fazem campanha sistem\u00e1tica contra tudo o que pode fortalecer a autoestima do brasileiro. Quem n\u00e3o se lembra do \u201cn\u00e3o vai ter copa\u201d, da campanha sistem\u00e1tica contra o Fome Zero, depois Bolsa Fam\u00edlia, contra a pol\u00edtica econ\u00f4mica desenvolvimentista, contra o Pr\u00e9-Sal, que diziam n\u00e3o existir, o preconceito contra o povo do Nordeste etc. A m\u00eddia \u00e9 importante numa democracia. Mas, no Brasil, a velha m\u00eddia sempre foi golpista e manipuladora.<\/p>\n<p style=\"text-align: justify;\"><em>Em sexto lugar, n\u00e3o esquecer que h\u00e1 uma guerra contra os pobres no \u00e2mbito do sistema econ\u00f4mico capitalista mundial. <\/em>Esse processo de impeachment acontece por raz\u00f5es econ\u00f4micas. \u00c9 visto como express\u00e3o do combate \u00e0 corrup\u00e7\u00e3o, mas isso \u00e9 uma mentira das elites, que a classe m\u00e9dia comprou, como tem demonstrado o renomado soci\u00f3logo Jesse Souza.<\/p>\n<blockquote>\n<p style=\"text-align: justify;\">O que se quer mesmo \u00e9 interromper o ciclo de investimentos em programas sociais. Busca-se deter a tend\u00eancia de defesa dos interesses nacionais, inaugurada pelos setores progressistas da pol\u00edtica brasileira.<\/p>\n<\/blockquote>\n<p style=\"text-align: justify;\">A coaliz\u00e3o pol\u00edtica que est\u00e1 no poder praticou a corrup\u00e7\u00e3o. N\u00e3o h\u00e1 duvida. Tudo deve ser investigado, e os culpados condenados, se ficar provado o mal feito. Mas \u00e9 evidente que o partido do governo \u00e9 combatido por outras raz\u00f5es.<\/p>\n<p style=\"text-align: justify;\">Veja se n\u00e3o \u00e9 verdade! O embate interno segue uma l\u00f3gica mais ampla, mundial. As jogatinas dos corruptos de <em>Wall Street<\/em>, nos Estados Unidos, provocaram a crise econ\u00f4mica mundial, em 2008, deixando rastros de morte no mundo inteiro. Mas os corruptos est\u00e3o todos soltos. Aqui, os corruptos do caso Banestado, da d\u00e9cada de 1990, esc\u00e2ndalo que eclodiu em 2003, todos de bico longo e plumagem da cor c\u00e9u, roubaram quase meio trilh\u00e3o de reais, em valores atualizados, e n\u00e3o foram sequer denunciados. Atualmente, o povo nem sabe mais do caso.<\/p>\n<blockquote>\n<p style=\"text-align: justify;\">At\u00e9 agora ningu\u00e9m conhece os nomes dos oito mil brasileiros que mantiveram contas secretas na filial do HSBC, na Su\u00ed\u00e7a, embora os su\u00ed\u00e7os tenham entregado a lista \u00e0s autoridades brasileiras. Tamb\u00e9m n\u00e3o conhecemos os nomes dos 1.200 brasileiros que constam nos <em>Panama Papers. <\/em>Os que roubaram a merenda das crian\u00e7as em S\u00e3o Paulo, bem como os que pegavam um ter\u00e7o de propina de Furnas, dormem em paz.<\/p>\n<\/blockquote>\n<p style=\"text-align: justify;\"><em>Em s\u00e9timo lugar, n\u00e3o esquecer que os patrocinadores do impedimento est\u00e3o aliados aos corruptos<\/em>. Uma ironia. Mas n\u00e3o s\u00f3 isso. Est\u00e3o esfregando as m\u00e3os com a possibilidade de entregar o poder a gente como Eduardo Cunha e Michel Temer. Ou seja, o combate \u00e0 corrup\u00e7\u00e3o \u00e9 uma mentira das elites e um cinismo de certos setores da sociedade brasileira.<\/p>\n<p style=\"text-align: justify;\">Por essas e outras raz\u00f5es, devemos buscar lucidez, praticar a verdade, ao pensar a crise, cuja express\u00e3o m\u00e1xima no momento \u00e9 o processo de impeachment.<\/p>\n<p style=\"text-align: justify;\">Juristas renomados, como Dalmo Dalari e F\u00e1bio Konder Comparto, t\u00eam afirmado que esse impeachment \u00e9 golpe, posto que n\u00e3o ficou demonstrada a pr\u00e1tica de crime de responsabilidade da presidente da rep\u00fablica, como prev\u00ea a Constitui\u00e7\u00e3o de 1988. Suspeita-se que o processo esteja a servi\u00e7o de outros interesses. O PMDB concebeu uma \u201cponte para o futuro\u201d, que prev\u00ea amplas privatiza\u00e7\u00f5es, sacrif\u00edcio aos trabalhadores, redu\u00e7\u00e3o de investimentos em programas sociais etc. \u00c9 o que se seguiria ao impedimento.<\/p>\n<p style=\"text-align: justify;\">Em face disso, a CNBB declara, no documento supracitado, que \u201cespera o correto procedimento das inst\u00e2ncias competentes, respeitado o ordenamento jur\u00eddico do Estado democr\u00e1tico de direito\u201d. Ou seja, os bispos rejeitam qualquer solu\u00e7\u00e3o que desrespeite a Constitui\u00e7\u00e3o e se configure como mais um golpe \u00e0 democracia.<\/p>\n<p style=\"text-align: justify;\">O compromisso com a democracia exige o combate imparcial e sem tr\u00e9gua \u00e0 corrup\u00e7\u00e3o. Como horizonte pr\u00f3ximo, exige a rejei\u00e7\u00e3o do impedimento. Estou convencido de que esse impeachment, sem a demonstra\u00e7\u00e3o de crime de responsabilidade da presidente, \u00e9 um golpe. Vem para esconder as verdadeiras raz\u00f5es da crise. Jamais poder\u00e1 ser visto como solu\u00e7\u00e3o. O povo brasileiro tem pela frente o desafio de resolver problemas complexos.<\/p>\n","protected":false},"excerpt":{"rendered":"<p>A declara\u00e7\u00e3o da 54\u00aa Assembleia Geral da Conferencia Nacional dos Bispos do Brasil (CNBB) \u201csobre o momento nacional\u201d, publicada no \u00faltimo dia 14, come\u00e7a citando um trecho do di\u00e1logo entre Jesus e um mestre de Israel, Nicodemos: \u201cQuem pratica a verdade aproxima-se da luz\u201d (Jo 3,21). Nicodemos nutria simpatias pela pessoa e mensagem de Jesus, [&hellip;]<\/p>\n","protected":false},"author":20,"featured_media":0,"comment_status":"open","ping_status":"open","sticky":false,"template":"","format":"standard","meta":{"_acf_changed":false,"footnotes":""},"categories":[356],"tags":[],"class_list":["post-27886","post","type-post","status-publish","format-standard","hentry","category-colunista"],"acf":[],"aioseo_notices":[],"_links":{"self":[{"href":"https:\/\/www.paulus.com.br\/portal\/wp-json\/wp\/v2\/posts\/27886","targetHints":{"allow":["GET"]}}],"collection":[{"href":"https:\/\/www.paulus.com.br\/portal\/wp-json\/wp\/v2\/posts"}],"about":[{"href":"https:\/\/www.paulus.com.br\/portal\/wp-json\/wp\/v2\/types\/post"}],"author":[{"embeddable":true,"href":"https:\/\/www.paulus.com.br\/portal\/wp-json\/wp\/v2\/users\/20"}],"replies":[{"embeddable":true,"href":"https:\/\/www.paulus.com.br\/portal\/wp-json\/wp\/v2\/comments?post=27886"}],"version-history":[{"count":2,"href":"https:\/\/www.paulus.com.br\/portal\/wp-json\/wp\/v2\/posts\/27886\/revisions"}],"predecessor-version":[{"id":28601,"href":"https:\/\/www.paulus.com.br\/portal\/wp-json\/wp\/v2\/posts\/27886\/revisions\/28601"}],"wp:attachment":[{"href":"https:\/\/www.paulus.com.br\/portal\/wp-json\/wp\/v2\/media?parent=27886"}],"wp:term":[{"taxonomy":"category","embeddable":true,"href":"https:\/\/www.paulus.com.br\/portal\/wp-json\/wp\/v2\/categories?post=27886"},{"taxonomy":"post_tag","embeddable":true,"href":"https:\/\/www.paulus.com.br\/portal\/wp-json\/wp\/v2\/tags?post=27886"}],"curies":[{"name":"wp","href":"https:\/\/api.w.org\/{rel}","templated":true}]}}