{"id":27225,"date":"2016-03-09T09:03:10","date_gmt":"2016-03-09T12:03:10","guid":{"rendered":"http:\/\/www.paulus.com.br\/portal\/?p=27225"},"modified":"2016-03-10T10:43:42","modified_gmt":"2016-03-10T13:43:42","slug":"genesis-1","status":"publish","type":"post","link":"https:\/\/www.paulus.com.br\/portal\/genesis-1\/","title":{"rendered":"G\u00eanesis \u2013 1"},"content":{"rendered":"<p style=\"text-align: justify;\">Vamos continuar refletindo sobre o livro do G\u00eanesis, o primeiro na ordem em nossas B\u00edblias. Como vimos, o livro tem uma longa hist\u00f3ria antes de ficar pronto. Come\u00e7ou a ser redigido na \u00e9poca de Salom\u00e3o em volta de 950 AC e teve sua conclus\u00e3o pelo ano 400 AC.<\/p>\n<blockquote><p>Diz\u00edamos que o livro pode ser dividido em duas partes: cap\u00edtulos 1-11 e cap\u00edtulos 12-50. Podemos tamb\u00e9m dividi-lo em tr\u00eas partes: cap\u00edtulos 1-11; cap\u00edtulos 12-37; cap\u00edtulos 38-50.<\/p><\/blockquote>\n<p style=\"text-align: justify;\">A primeira parte abrange os cap\u00edtulos 1-11. S\u00e3o relatos da cria\u00e7\u00e3o da humanidade e do universo. Tudo \u00e9 obra de Deus e ele viu que tudo era muito bom. A Campanha da Fraternidade deste ano tamb\u00e9m nos leva a respeitar e valorizar o planeta, obra de Deus e nossa casa comum. Nos dois primeiros cap\u00edtulos temos duas narrativas da cria\u00e7\u00e3o, de \u00e9pocas e contextos diferentes. Os cap\u00edtulos seguintes apresentam a origem e a causa dos males presentes no mundo. Males que prejudicam a conviv\u00eancia na sociedade e amea\u00e7am a vida. Enfim, mostram o progresso e o caminhar da civiliza\u00e7\u00e3o. N\u00e3o podemos, por\u00e9m, tomar tudo isso como se fosse hist\u00f3ria no sentido moderno. Essas cenas n\u00e3o s\u00e3o fotografias da realidade nem relatos jornal\u00edsticos.<\/p>\n<p style=\"text-align: justify;\">A segunda parte \u00e9 formada pelos cap\u00edtulos 12-36. Esta parte apresenta a hist\u00f3ria dos patriarcas e matriarcas. N\u00e3o s\u00e3o propriamente pessoas isoladas, mas s\u00e3o narrativas de fam\u00edlias, cl\u00e3s e tribos. Por tr\u00e1s dessas personagens, temos grupos de pessoas ou fam\u00edlias que procuram viver em harmonia, mas nem sempre conseguem. Mais do que os la\u00e7os de sangue, o que une esses grupos s\u00e3o objetivos comuns: a posse da terra, a organiza\u00e7\u00e3o da comunidade, a busca por liberdade e vida. Relatam a fidelidade de Deus \u00e0s promessas em favor do povo e procuram animar o povo a se manter fiel, mesmo diante das contrariedades e das dificuldades. Esses grupos professam a f\u00e9 no \u201cDeus dos pais\u201d.<\/p>\n<p style=\"text-align: justify;\">A terceira parte abrange os cap\u00edtulos 37-50. Esta parte traz a hist\u00f3ria dos filhos de Jac\u00f3, mais precisamente as hist\u00f3rias de Jos\u00e9. Jos\u00e9, o sonhador, \u00e9 rejeitado pelos seus irm\u00e3os, que o vendem aos ismaelitas, e estes o levam para o Egito. De jovem pastor que sobrevive a tramas, Jos\u00e9 torna-se homem muito influente na corte no Egito. Ser\u00e1 o homem forte do fara\u00f3 e salvar\u00e1 sua fam\u00edlia da crise que provocou a fome. A hist\u00f3ria de Jos\u00e9 lembra o ditado popular: \u201cDeus escreve reto em linhas tortas\u201d. A hist\u00f3ria de Jos\u00e9 mostra Deus agindo na hist\u00f3ria e conduzindo tudo para o bem. Jos\u00e9 tornou-se instrumento de salva\u00e7\u00e3o para seus irm\u00e3os.<\/p>\n","protected":false},"excerpt":{"rendered":"<p>Vamos continuar refletindo sobre o livro do G\u00eanesis, o primeiro na ordem em nossas B\u00edblias. Como vimos, o livro tem uma longa hist\u00f3ria antes de ficar pronto. Come\u00e7ou a ser redigido na \u00e9poca de Salom\u00e3o em volta de 950 AC e teve sua conclus\u00e3o pelo ano 400 AC. Diz\u00edamos que o livro pode ser dividido [&hellip;]<\/p>\n","protected":false},"author":16,"featured_media":13567,"comment_status":"open","ping_status":"open","sticky":false,"template":"","format":"standard","meta":{"_acf_changed":false,"footnotes":""},"categories":[356],"tags":[],"class_list":["post-27225","post","type-post","status-publish","format-standard","has-post-thumbnail","hentry","category-colunista"],"acf":[],"aioseo_notices":[],"_links":{"self":[{"href":"https:\/\/www.paulus.com.br\/portal\/wp-json\/wp\/v2\/posts\/27225","targetHints":{"allow":["GET"]}}],"collection":[{"href":"https:\/\/www.paulus.com.br\/portal\/wp-json\/wp\/v2\/posts"}],"about":[{"href":"https:\/\/www.paulus.com.br\/portal\/wp-json\/wp\/v2\/types\/post"}],"author":[{"embeddable":true,"href":"https:\/\/www.paulus.com.br\/portal\/wp-json\/wp\/v2\/users\/16"}],"replies":[{"embeddable":true,"href":"https:\/\/www.paulus.com.br\/portal\/wp-json\/wp\/v2\/comments?post=27225"}],"version-history":[{"count":1,"href":"https:\/\/www.paulus.com.br\/portal\/wp-json\/wp\/v2\/posts\/27225\/revisions"}],"predecessor-version":[{"id":27226,"href":"https:\/\/www.paulus.com.br\/portal\/wp-json\/wp\/v2\/posts\/27225\/revisions\/27226"}],"wp:featuredmedia":[{"embeddable":true,"href":"https:\/\/www.paulus.com.br\/portal\/wp-json\/wp\/v2\/media\/13567"}],"wp:attachment":[{"href":"https:\/\/www.paulus.com.br\/portal\/wp-json\/wp\/v2\/media?parent=27225"}],"wp:term":[{"taxonomy":"category","embeddable":true,"href":"https:\/\/www.paulus.com.br\/portal\/wp-json\/wp\/v2\/categories?post=27225"},{"taxonomy":"post_tag","embeddable":true,"href":"https:\/\/www.paulus.com.br\/portal\/wp-json\/wp\/v2\/tags?post=27225"}],"curies":[{"name":"wp","href":"https:\/\/api.w.org\/{rel}","templated":true}]}}