{"id":25503,"date":"2015-11-05T17:43:46","date_gmt":"2015-11-05T19:43:46","guid":{"rendered":"http:\/\/www.paulus.com.br\/portal\/?p=25503"},"modified":"2015-11-05T17:43:46","modified_gmt":"2015-11-05T19:43:46","slug":"morre-o-filosofo-rene-girard","status":"publish","type":"post","link":"https:\/\/www.paulus.com.br\/portal\/morre-o-filosofo-rene-girard\/","title":{"rendered":"Morre o fil\u00f3sofo Ren\u00e9 Girard"},"content":{"rendered":"<p style=\"text-align: center;\">\n<p style=\"text-align: center;\">\n<p style=\"text-align: center;\"><em>O fil\u00f3sofo Ren\u00e9\u00a0 Girard faleceu no \u00faltimo dia 4 de novembro, nos Estados Unidos, aos 91 anos.<\/em><\/p>\n<p style=\"text-align: justify;\">Pela PAULUS, o autor publicou <em>A rota dos homens perversos<\/em> e <em>O bode expiat\u00f3rio<\/em> (ambos da Cole\u00e7\u00e3o Estudos Antropol\u00f3gicos).<\/p>\n<p style=\"text-align: justify;\">Considerado um dos grandes pensadores das Ci\u00eancias Humanas, ganhou o t\u00edtulo de \u201cDarwin das Ci\u00eancias Humanas\u201d e lecionou por muito tempo na Universidade de Stanford (EUA). Tamb\u00e9m foi eleito para a Academia Francesa, influenciando gera\u00e7\u00f5es com seus estudos nas \u00e1reas de antropologia, filosofia, religi\u00e3o, hist\u00f3ria, sociologia, entre outras.<\/p>\n","protected":false},"excerpt":{"rendered":"<p>O fil\u00f3sofo Ren\u00e9\u00a0 Girard faleceu no \u00faltimo dia 4 de novembro, nos Estados Unidos, aos 91 anos. Pela PAULUS, o autor publicou A rota dos homens perversos e O bode expiat\u00f3rio (ambos da Cole\u00e7\u00e3o Estudos Antropol\u00f3gicos). Considerado um dos grandes pensadores das Ci\u00eancias Humanas, ganhou o t\u00edtulo de \u201cDarwin das Ci\u00eancias Humanas\u201d e lecionou por [&hellip;]<\/p>\n","protected":false},"author":3,"featured_media":25507,"comment_status":"open","ping_status":"open","sticky":false,"template":"","format":"standard","meta":{"_acf_changed":false,"footnotes":""},"categories":[15],"tags":[],"class_list":["post-25503","post","type-post","status-publish","format-standard","has-post-thumbnail","hentry","category-noticias"],"acf":[],"aioseo_notices":[],"_links":{"self":[{"href":"https:\/\/www.paulus.com.br\/portal\/wp-json\/wp\/v2\/posts\/25503","targetHints":{"allow":["GET"]}}],"collection":[{"href":"https:\/\/www.paulus.com.br\/portal\/wp-json\/wp\/v2\/posts"}],"about":[{"href":"https:\/\/www.paulus.com.br\/portal\/wp-json\/wp\/v2\/types\/post"}],"author":[{"embeddable":true,"href":"https:\/\/www.paulus.com.br\/portal\/wp-json\/wp\/v2\/users\/3"}],"replies":[{"embeddable":true,"href":"https:\/\/www.paulus.com.br\/portal\/wp-json\/wp\/v2\/comments?post=25503"}],"version-history":[{"count":3,"href":"https:\/\/www.paulus.com.br\/portal\/wp-json\/wp\/v2\/posts\/25503\/revisions"}],"predecessor-version":[{"id":36297,"href":"https:\/\/www.paulus.com.br\/portal\/wp-json\/wp\/v2\/posts\/25503\/revisions\/36297"}],"wp:featuredmedia":[{"embeddable":true,"href":"https:\/\/www.paulus.com.br\/portal\/wp-json\/wp\/v2\/media\/25507"}],"wp:attachment":[{"href":"https:\/\/www.paulus.com.br\/portal\/wp-json\/wp\/v2\/media?parent=25503"}],"wp:term":[{"taxonomy":"category","embeddable":true,"href":"https:\/\/www.paulus.com.br\/portal\/wp-json\/wp\/v2\/categories?post=25503"},{"taxonomy":"post_tag","embeddable":true,"href":"https:\/\/www.paulus.com.br\/portal\/wp-json\/wp\/v2\/tags?post=25503"}],"curies":[{"name":"wp","href":"https:\/\/api.w.org\/{rel}","templated":true}]}}