{"id":24834,"date":"2015-10-13T07:45:58","date_gmt":"2015-10-13T10:45:58","guid":{"rendered":"http:\/\/www.paulus.com.br\/portal\/?p=24834"},"modified":"2015-10-13T07:52:57","modified_gmt":"2015-10-13T10:52:57","slug":"profetas-biblicos-zacarias","status":"publish","type":"post","link":"https:\/\/www.paulus.com.br\/portal\/profetas-biblicos-zacarias\/","title":{"rendered":"Profetas B\u00edblicos &#8211; Zacarias"},"content":{"rendered":"<p style=\"text-align: justify;\">Zacarias, filho de Baraquias e contempor\u00e2neo de Ageu, profetizou por volta de 520-510 AC. Certamente foi influenciado por Ezequiel. Provavelmente era sacerdote-profeta e preocupou-se com a reconstru\u00e7\u00e3o do templo e da organiza\u00e7\u00e3o da comunidade, que acaba de regressar do ex\u00edlio babil\u00f4nico.<\/p>\n<blockquote><p>O livro de Zacarias, como o temos hoje, \u00e9 fruto de uma longa hist\u00f3ria.<\/p><\/blockquote>\n<p style=\"text-align: justify;\">Como muitos outros escritos prof\u00e9ticos, Zacarias tamb\u00e9m teve v\u00e1rios redatores. Os cap\u00edtulos 9-14 n\u00e3o s\u00e3o aut\u00eanticos e foram acrescentados muitos anos depois. Podemos dividir o livro em tr\u00eas grandes partes: cap\u00edtulos 1-8: o autor fala da reconstru\u00e7\u00e3o de Jerusal\u00e9m; cap\u00edtulos 9-11: apresentam um projeto de esperan\u00e7a e paz; cap\u00edtulos 12-14: falam do final dos tempos em Jerusal\u00e9m.<\/p>\n<p style=\"text-align: justify;\">Os cap\u00edtulos 1-8 s\u00e3o frutos do profeta Zacarias e foram escritos por volta de 520-510 AC. Os exilados que retornam da Babil\u00f4nia vinham animados com propostas de reconstru\u00e7\u00e3o do novo templo. As vis\u00f5es constituem a maior parte desses cap\u00edtulos.<\/p>\n<p style=\"text-align: justify;\">Os cap\u00edtulos 9-11 surgem por volta do ano 300 AC, j\u00e1 na \u00e9poca helenista; portanto, contexto bem diferente daquele dos cap\u00edtulos anteriores. Estamos numa era de disputa entre os generais sucessores de Alexandre. Por isso, guerras e tributos perturbam a vida do povo, que clama por liberta\u00e7\u00e3o, confiando em Jav\u00e9, o libertador do \u00eaxodo.<\/p>\n<p style=\"text-align: justify;\">Os cap\u00edtulos 12-14 foram compostos por volta do ano 200 AC, por um grupo de sacerdotes e escribas de Jerusal\u00e9m, com o objetivo de enfrentar as amea\u00e7as dos sel\u00eaucidas, que pretendiam destruir a organiza\u00e7\u00e3o da comunidade judaica em torno do templo. Os sel\u00eaucidas, vencendo os ptolomeus, entram com for\u00e7a, impondo a pr\u00f3pria cultura e religi\u00e3o \u00e0 comunidade judaica.<\/p>\n<p style=\"text-align: justify;\">Vendo o livro de Zacarias no seu conjunto, ele tr\u00e1s as amarguras de um povo espezinhado pelos dominadores. A comunidade se questiona se Deus estaria ainda presente ou n\u00e3o em seu meio. Sim Deus continua presente para realizar seu projeto atrav\u00e9s da comunidade.<\/p>\n<blockquote><p>O profeta procura reanimar a esperan\u00e7a do povo que passa por grandes dificuldades materiais e d\u00favidas de f\u00e9.<\/p><\/blockquote>\n<p style=\"text-align: justify;\">O texto do per\u00edodo grego aponta para o futuro do povo de Deus, anunciando o aparecimento do Messias com tr\u00eas imagens: rei, pastor, sofredor. Essas imagens trazem \u00e0 lembran\u00e7a Jesus: montado num jumentinho (rei), bom pastor e morte na cruz (servo sofredor).<\/p>\n","protected":false},"excerpt":{"rendered":"<p>Zacarias, filho de Baraquias e contempor\u00e2neo de Ageu, profetizou por volta de 520-510 AC. Certamente foi influenciado por Ezequiel. Provavelmente era sacerdote-profeta e preocupou-se com a reconstru\u00e7\u00e3o do templo e da organiza\u00e7\u00e3o da comunidade, que acaba de regressar do ex\u00edlio babil\u00f4nico. O livro de Zacarias, como o temos hoje, \u00e9 fruto de uma longa hist\u00f3ria. [&hellip;]<\/p>\n","protected":false},"author":16,"featured_media":17299,"comment_status":"open","ping_status":"open","sticky":false,"template":"","format":"standard","meta":{"_acf_changed":false,"footnotes":""},"categories":[356],"tags":[],"class_list":["post-24834","post","type-post","status-publish","format-standard","has-post-thumbnail","hentry","category-colunista"],"acf":[],"aioseo_notices":[],"_links":{"self":[{"href":"https:\/\/www.paulus.com.br\/portal\/wp-json\/wp\/v2\/posts\/24834","targetHints":{"allow":["GET"]}}],"collection":[{"href":"https:\/\/www.paulus.com.br\/portal\/wp-json\/wp\/v2\/posts"}],"about":[{"href":"https:\/\/www.paulus.com.br\/portal\/wp-json\/wp\/v2\/types\/post"}],"author":[{"embeddable":true,"href":"https:\/\/www.paulus.com.br\/portal\/wp-json\/wp\/v2\/users\/16"}],"replies":[{"embeddable":true,"href":"https:\/\/www.paulus.com.br\/portal\/wp-json\/wp\/v2\/comments?post=24834"}],"version-history":[{"count":0,"href":"https:\/\/www.paulus.com.br\/portal\/wp-json\/wp\/v2\/posts\/24834\/revisions"}],"wp:featuredmedia":[{"embeddable":true,"href":"https:\/\/www.paulus.com.br\/portal\/wp-json\/wp\/v2\/media\/17299"}],"wp:attachment":[{"href":"https:\/\/www.paulus.com.br\/portal\/wp-json\/wp\/v2\/media?parent=24834"}],"wp:term":[{"taxonomy":"category","embeddable":true,"href":"https:\/\/www.paulus.com.br\/portal\/wp-json\/wp\/v2\/categories?post=24834"},{"taxonomy":"post_tag","embeddable":true,"href":"https:\/\/www.paulus.com.br\/portal\/wp-json\/wp\/v2\/tags?post=24834"}],"curies":[{"name":"wp","href":"https:\/\/api.w.org\/{rel}","templated":true}]}}