{"id":24315,"date":"2015-09-16T07:51:14","date_gmt":"2015-09-16T10:51:14","guid":{"rendered":"http:\/\/www.paulus.com.br\/portal\/?p=24315"},"modified":"2015-09-16T07:51:14","modified_gmt":"2015-09-16T10:51:14","slug":"o-pequeno-principe-encontrando-com-um-classico","status":"publish","type":"post","link":"https:\/\/www.paulus.com.br\/portal\/o-pequeno-principe-encontrando-com-um-classico\/","title":{"rendered":"O Pequeno Pr\u00edncipe, encontrando com um cl\u00e1ssico"},"content":{"rendered":"<p style=\"text-align: justify;\">O termo \u201ccl\u00e1ssico\u201d, tomado como adjetivo, confere nobreza \u00e0quilo que qualifica. No campo da literatura, h\u00e1, naturalmente, obras que s\u00e3o consideradas cl\u00e1ssicas ou de car\u00e1ter universal, pois transcendem o tempo e o espa\u00e7o em que foram criadas e, assim, se perpetuam. Tais obras abordam quest\u00f5es existenciais que atravessam d\u00e9cadas e, mesmo assim, se mant\u00eam atuais. Eis algumas caracter\u00edsticas: o desejo de descobrir a pr\u00f3pria identidade; a busca do pr\u00f3prio lugar no mundo; o desejo de liberdade: pessoal e coletiva; o desejo de encontrar o verdadeiro amor e o sentido da vida. Por essas caracter\u00edsticas &#8211; e outras -, embora publicado h\u00e1 mais ou menos 70 anos, <em>O pequeno pr\u00edncipe<\/em>, de Antoine de Saint-Exup\u00e9ry, mant\u00e9m seu frescor inicial e encanta milhares de pessoas ao redor do mundo.<\/p>\n<blockquote>\n<p style=\"text-align: justify;\"><em>O pequeno pr\u00edncipe<\/em> parece ser um livro infantil; contudo, seu conte\u00fado \u00e9 apreciado por pessoas de todas as idades, muito provavelmente porque toca a crian\u00e7a presente em cada ser humano; curiosamente, uma crian\u00e7a que leia <em>O pequeno pr\u00edncipe<\/em> ter\u00e1 certa dificuldade, ao menos se sup\u00f5e, para se aproximar da narrativa dada a sua densidade.<\/p>\n<\/blockquote>\n<p style=\"text-align: justify;\">O texto de Exup\u00e9ry \u00e9 feito em camadas que se sobrep\u00f5em com sutileza e poesia; as personagens presentes, suas caracter\u00edsticas e as rela\u00e7\u00f5es que estabelecem foram cuidadosamente constru\u00eddas. Em linhas gerais, ganham destaque o pequeno pr\u00edncipe, o aviador, a rosa, a raposa e a serpente. Dois desses personagens pertencentes ao universo humano e os outros tr\u00eas, n\u00e3o. Curiosamente, tamb\u00e9m, nenhum dos personagens \u00e9 nomeado; contudo, a presen\u00e7a de cada um deles \u00e9 marcante. Outros dois elementos que n\u00e3o podem passar despercebidos s\u00e3o o deserto e o universo (os planetas, asteroides e estrelas).<\/p>\n<p style=\"text-align: justify;\">A narrativa \u00e9 memorial, pois o aviador resgata o que lhe aconteceu h\u00e1 seis anos; por sua vez, o pequeno pr\u00edncipe retoma &#8211; e conta ao aviador &#8211; o que lhe aconteceu at\u00e9 o momento em que se d\u00e1 o encontro dos dois. <strong>Encontro<\/strong>, ali\u00e1s, \u00e9 uma categoria, se assim quisermos chamar, muito importante ao longo do livro, pois s\u00e3o os encontros que d\u00e3o \u00e0 vida significado ou n\u00e3o: o pequeno pr\u00edncipe e a rosa, o pequeno pr\u00edncipe e a serpente, o pequeno pr\u00edncipe e a raposa, o pequeno pr\u00edncipe e o aviador.<\/p>\n<p style=\"text-align: justify;\">Ao longo do texto, vemos que h\u00e1, n\u00e3o de forma velada, uma cr\u00edtica aos adultos. Eles, os adultos, gostam de n\u00fameros e n\u00e3o se at\u00eam ao que \u00e9 essencial, pois o essencial \u00e9 invis\u00edvel aos olhos e percept\u00edvel ao cora\u00e7\u00e3o. Seria preciso, mesmo j\u00e1 sendo adulto, ter um cora\u00e7\u00e3o livre e aberto como o de uma crian\u00e7a para que n\u00e3o se tenha medo de cativar e deixar-se cativar, algo j\u00e1 um tanto esquecido.<\/p>\n<p style=\"text-align: justify;\">Quem se aproxima de <em>O pequeno pr\u00edncipe<\/em> n\u00e3o sei ileso; \u00e9 contagiado por uma onda de sensibilidade que tem o intuito de despertar o que a de melhor do ser humano. Como aquele po\u00e7o que torna belo o deserto, a cada leitura que se faz da narrativa pode-se matar a sede de encontros que j\u00e1 se foram, atuais e futuros.<\/p>\n","protected":false},"excerpt":{"rendered":"<p>O termo \u201ccl\u00e1ssico\u201d, tomado como adjetivo, confere nobreza \u00e0quilo que qualifica. No campo da literatura, h\u00e1, naturalmente, obras que s\u00e3o consideradas cl\u00e1ssicas ou de car\u00e1ter universal, pois transcendem o tempo e o espa\u00e7o em que foram criadas e, assim, se perpetuam. Tais obras abordam quest\u00f5es existenciais que atravessam d\u00e9cadas e, mesmo assim, se mant\u00eam atuais. [&hellip;]<\/p>\n","protected":false},"author":18,"featured_media":17325,"comment_status":"open","ping_status":"open","sticky":false,"template":"","format":"standard","meta":{"_acf_changed":false,"footnotes":""},"categories":[356],"tags":[],"class_list":["post-24315","post","type-post","status-publish","format-standard","has-post-thumbnail","hentry","category-colunista"],"acf":[],"aioseo_notices":[],"_links":{"self":[{"href":"https:\/\/www.paulus.com.br\/portal\/wp-json\/wp\/v2\/posts\/24315","targetHints":{"allow":["GET"]}}],"collection":[{"href":"https:\/\/www.paulus.com.br\/portal\/wp-json\/wp\/v2\/posts"}],"about":[{"href":"https:\/\/www.paulus.com.br\/portal\/wp-json\/wp\/v2\/types\/post"}],"author":[{"embeddable":true,"href":"https:\/\/www.paulus.com.br\/portal\/wp-json\/wp\/v2\/users\/18"}],"replies":[{"embeddable":true,"href":"https:\/\/www.paulus.com.br\/portal\/wp-json\/wp\/v2\/comments?post=24315"}],"version-history":[{"count":0,"href":"https:\/\/www.paulus.com.br\/portal\/wp-json\/wp\/v2\/posts\/24315\/revisions"}],"wp:featuredmedia":[{"embeddable":true,"href":"https:\/\/www.paulus.com.br\/portal\/wp-json\/wp\/v2\/media\/17325"}],"wp:attachment":[{"href":"https:\/\/www.paulus.com.br\/portal\/wp-json\/wp\/v2\/media?parent=24315"}],"wp:term":[{"taxonomy":"category","embeddable":true,"href":"https:\/\/www.paulus.com.br\/portal\/wp-json\/wp\/v2\/categories?post=24315"},{"taxonomy":"post_tag","embeddable":true,"href":"https:\/\/www.paulus.com.br\/portal\/wp-json\/wp\/v2\/tags?post=24315"}],"curies":[{"name":"wp","href":"https:\/\/api.w.org\/{rel}","templated":true}]}}