{"id":20363,"date":"2015-01-12T14:38:21","date_gmt":"2015-01-12T16:38:21","guid":{"rendered":"http:\/\/www.paulus.com.br\/portal\/?p=20363"},"modified":"2015-01-12T14:38:21","modified_gmt":"2015-01-12T16:38:21","slug":"profetas-biblicos-amos","status":"publish","type":"post","link":"https:\/\/www.paulus.com.br\/portal\/profetas-biblicos-amos\/","title":{"rendered":"Profetas B\u00edblicos &#8211; Am\u00f3s"},"content":{"rendered":"<p style=\"text-align: justify;\">Como ficou combinado no \u00faltimo artigo de dezembro de 2014, este ano vamos tratar dos profetas b\u00edblicos ou escritores. Lembrando que s\u00e3o apenas 12 os meses do ano, ser\u00e3o, portanto, selecionados 12 profetas. Vamos seguir a ordem cronol\u00f3gica da atua\u00e7\u00e3o de cada um. \u00c9 bom lembrar que, em geral, os livros prof\u00e9ticos s\u00e3o obras de mais de um autor e de \u00e9pocas diversas. Em geral, h\u00e1 revis\u00f5es e acr\u00e9scimos aos \u201coriginais do autor\u201d.<\/p>\n<p style=\"text-align: justify;\">Iniciamos o ano com o profeta Am\u00f3s. Ele atuou em Israel, reino do norte, na metade do s\u00e9culo 8\u00ba AC, durante o reinado de Jerobo\u00e3o II (783-743 AC). \u00c9 considerado, portanto, o primeiro profeta escritor. N\u00e3o \u00e9 profeta da corte nem do templo nem filho de profeta, \u00e9 simples pastor de T\u00e9cua.<\/p>\n<blockquote>\n<p style=\"text-align: justify;\">N\u00e3o \u201csou profeta, nem disc\u00edpulo de profeta, sou criador de gado e cultivador de sic\u00f4moros\u201d (7,14), como ele mesmo se define.<\/p>\n<\/blockquote>\n<p style=\"text-align: justify;\">\u00c9 um rude campon\u00eas de olhos bem abertos e sem pelos na l\u00edngua, natural de Jud\u00e1, mas chamado por Deus a trabalhar em Israel.<\/p>\n<p style=\"text-align: justify;\">Apesar de ter sido um per\u00edodo de certa estabilidade econ\u00f4mica e prosperidade comercial, grande parte da popula\u00e7\u00e3o enfrenta dificuldades com endividamento, perda da terra e crescente escravid\u00e3o. No meio desse contraste, levanta-se a voz do profeta, que mostra o rosto justo de Jav\u00e9, sempre ao lado dos pobres.<\/p>\n<p style=\"text-align: justify;\">Suas principais den\u00fancias foram contra a explora\u00e7\u00e3o dos camponeses; a concentra\u00e7\u00e3o da riqueza nas m\u00e3os de poucos; a religi\u00e3o falsa e farisaica; os ju\u00edzes a servi\u00e7o do dinheiro mais do que da justi\u00e7a; a decad\u00eancia da na\u00e7\u00e3o, resultado da m\u00e1 administra\u00e7\u00e3o e das amea\u00e7as externas; os comerciantes injustos e desonestos; as mulheres ricas que estimulam os maridos a explorar os fracos. Numa palavra, muito o incomodaram o luxo de um lado e a pobreza de outro, os comerciantes gananciosos e fraudulentos.<\/p>\n<blockquote>\n<p style=\"text-align: justify;\">Am\u00f3s \u00e9 a voz de Deus em defesa dos camponeses e se levanta contra o sistema de explora\u00e7\u00e3o e injusti\u00e7as.<\/p>\n<\/blockquote>\n<p style=\"text-align: justify;\">Sua voz \u00e9 marcada pela clareza de op\u00e7\u00e3o: os deserdados e exclu\u00eddos. Tal op\u00e7\u00e3o acaba entrando em conflito com os detentores do poder pol\u00edtico, econ\u00f4mico e religioso. Com isso, \u00e9 expulso de Israel e assim retoma suas ocupa\u00e7\u00f5es anteriores.<\/p>\n<p style=\"text-align: justify;\">Com Am\u00f3s, como vimos, inicia-se uma fase importante do profetismo em Israel, que contribuiu enormemente para a literatura b\u00edblica. Suas palavras e reflex\u00f5es passam a ser registradas por escrito para servirem de questionamento ao longo da hist\u00f3ria da humanidade contra as injusti\u00e7as que criam mis\u00e9ria, sofrimento e desigualdades.<\/p>\n<p style=\"text-align: justify;\">\u00c9 o grande defensor da justi\u00e7a, fustigador impiedoso das desordens que prevaleciam numa era de prosperidade e ao mesmo tempo de mis\u00e9ria para grande parte do povo.<\/p>\n","protected":false},"excerpt":{"rendered":"<p>Como ficou combinado no \u00faltimo artigo de dezembro de 2014, este ano vamos tratar dos profetas b\u00edblicos ou escritores. Lembrando que s\u00e3o apenas 12 os meses do ano, ser\u00e3o, portanto, selecionados 12 profetas. Vamos seguir a ordem cronol\u00f3gica da atua\u00e7\u00e3o de cada um. \u00c9 bom lembrar que, em geral, os livros prof\u00e9ticos s\u00e3o obras de [&hellip;]<\/p>\n","protected":false},"author":16,"featured_media":17299,"comment_status":"open","ping_status":"open","sticky":false,"template":"","format":"standard","meta":{"_acf_changed":false,"footnotes":""},"categories":[356],"tags":[],"class_list":["post-20363","post","type-post","status-publish","format-standard","has-post-thumbnail","hentry","category-colunista"],"acf":[],"aioseo_notices":[],"_links":{"self":[{"href":"https:\/\/www.paulus.com.br\/portal\/wp-json\/wp\/v2\/posts\/20363","targetHints":{"allow":["GET"]}}],"collection":[{"href":"https:\/\/www.paulus.com.br\/portal\/wp-json\/wp\/v2\/posts"}],"about":[{"href":"https:\/\/www.paulus.com.br\/portal\/wp-json\/wp\/v2\/types\/post"}],"author":[{"embeddable":true,"href":"https:\/\/www.paulus.com.br\/portal\/wp-json\/wp\/v2\/users\/16"}],"replies":[{"embeddable":true,"href":"https:\/\/www.paulus.com.br\/portal\/wp-json\/wp\/v2\/comments?post=20363"}],"version-history":[{"count":1,"href":"https:\/\/www.paulus.com.br\/portal\/wp-json\/wp\/v2\/posts\/20363\/revisions"}],"predecessor-version":[{"id":20364,"href":"https:\/\/www.paulus.com.br\/portal\/wp-json\/wp\/v2\/posts\/20363\/revisions\/20364"}],"wp:featuredmedia":[{"embeddable":true,"href":"https:\/\/www.paulus.com.br\/portal\/wp-json\/wp\/v2\/media\/17299"}],"wp:attachment":[{"href":"https:\/\/www.paulus.com.br\/portal\/wp-json\/wp\/v2\/media?parent=20363"}],"wp:term":[{"taxonomy":"category","embeddable":true,"href":"https:\/\/www.paulus.com.br\/portal\/wp-json\/wp\/v2\/categories?post=20363"},{"taxonomy":"post_tag","embeddable":true,"href":"https:\/\/www.paulus.com.br\/portal\/wp-json\/wp\/v2\/tags?post=20363"}],"curies":[{"name":"wp","href":"https:\/\/api.w.org\/{rel}","templated":true}]}}