{"id":18004,"date":"2014-08-26T15:59:03","date_gmt":"2014-08-26T18:59:03","guid":{"rendered":"http:\/\/www.paulus.com.br\/portal\/?p=18004"},"modified":"2014-08-26T15:59:03","modified_gmt":"2014-08-26T18:59:03","slug":"bote-fe-na-politica","status":"publish","type":"post","link":"https:\/\/www.paulus.com.br\/portal\/bote-fe-na-politica\/","title":{"rendered":"Bote f\u00e9 na pol\u00edtica"},"content":{"rendered":"<p style=\"text-align: justify;\">A miss\u00e3o da Igreja tem alguma coisa a ver com a pol\u00edtica?<\/p>\n<blockquote>\n<p style=\"text-align: justify;\">Em uma palavra, sim. E essa rela\u00e7\u00e3o decorre da f\u00e9.<\/p>\n<\/blockquote>\n<p style=\"text-align: justify;\">Os crist\u00e3os, em raz\u00e3o da miss\u00e3o que Cristo confiou \u00e0 Igreja, podem e devem contribuir com a sociedade, no grande desafio de construir um mundo mais justo e humano. O crist\u00e3o bota f\u00e9 na pol\u00edtica.<\/p>\n<p style=\"text-align: justify;\">Convenhamos, o tema \u00e9 espinhoso. Cresce a avers\u00e3o \u00e0 pol\u00edtica. Muitos se irritam quando o assunto \u00e9 associado \u00e0 f\u00e9. A ceara de preconceitos nesse campo \u00e9 extensa. A fim de evitar mal-entendidos, faz-se necess\u00e1rio ter em mente duas ressalvas importantes. Primeiro, falamos da grande pol\u00edtica, da arte de viver em sociedade, com tudo o que isso implica.<\/p>\n<blockquote>\n<p style=\"text-align: justify;\">A degrada\u00e7\u00e3o da pol\u00edtica, pela demagogia e a manipula\u00e7\u00e3o, \u00e9 reprov\u00e1vel.<\/p>\n<\/blockquote>\n<p style=\"text-align: justify;\">Mas a pol\u00edtica deve ser valorizada, pois \u00e9 uma dimens\u00e3o do humano. Segundo, quanto \u00e0 f\u00e9, n\u00e3o falamos de uma m\u00e1gica. Ao contr\u00e1rio, trata-se da confian\u00e7a em Deus, uma experi\u00eancia interpessoal. No n\u00edvel humano, a f\u00e9 se expressa na confian\u00e7a no outro e na abertura aos seus apelos de solidariedade.<\/p>\n<p style=\"text-align: justify;\">Assim, pois, a f\u00e9 \u00e9 a fundamenta\u00e7\u00e3o \u00faltima e o crit\u00e9rio ordenador da vis\u00e3o pol\u00edtica crist\u00e3, de sorte que a a\u00e7\u00e3o pol\u00edtica dos crist\u00e3os deve ser uma participa\u00e7\u00e3o livre, decorrente da alegria de ser amado por Deus e poder levar essa alegria aos outros.<\/p>\n<blockquote>\n<p style=\"text-align: justify;\">Os primeiros crist\u00e3os expressaram esse entendimento. \u201cAmemos, porque ele (Deus) nos amou por primeiro\u201d (1Jo 4,19). Segundo Lucas, \u201cos disc\u00edpulos voltaram muitos alegres\u201d com os resultados humanizadores da miss\u00e3o (Cf. Lc 10,17).<\/p>\n<\/blockquote>\n<p style=\"text-align: justify;\">O documento <em>A alegria do Evangelho<\/em>, do Papa Francisco, que trata do tema da evangeliza\u00e7\u00e3o, afirma que, assim como Deus amou a humanidade por primeiro, o crist\u00e3o deve \u201cprimeirear\u201d (n. 24), tomar a iniciativa. Obviamente, isso tamb\u00e9m se aplica ao campo pol\u00edtico.<\/p>\n<blockquote>\n<p style=\"text-align: justify;\">A fun\u00e7\u00e3o da f\u00e9 \u00e9 inserir as pessoas numa din\u00e2mica de solidariedade, que a b\u00edblia chama de \u201camor ao pr\u00f3ximo <em>como a si<\/em> mesmo\u201d (Lv 19,18; Mc 12,31).<\/p>\n<\/blockquote>\n<p style=\"text-align: justify;\">Amor \u00e0s pessoas, especialmente aos oprimidos, n\u00e3o \u00e0s coisas. Vida fraterna, da qual a Igreja \u00e9 sinal, e a pol\u00edtica uma express\u00e3o privilegiada.<\/p>\n<p style=\"text-align: justify;\">Quanto a isso, \u00e9 significativo o aprendizado do povo de Israel. \u00a0Imerso em profunda crise no Ex\u00edlio babil\u00f4nico (s\u00e9culo VI a.C.), longe do Templo e da Terra Prometida, o povo compreendeu que a f\u00e9 em Deus, mais que motiva\u00e7\u00e3o para criar estruturas religiosas, \u00e9 compromisso na forma\u00e7\u00e3o da comunidade humana, sob os signos da justi\u00e7a e da paz.<\/p>\n<blockquote>\n<p style=\"text-align: justify;\">\u201cObservai o direito e praticai a justi\u00e7a\u201d (Is 56,1), diz o profeta, no contexto da reconstru\u00e7\u00e3o de Israel, ap\u00f3s o retorno do Ex\u00edlio.<\/p>\n<\/blockquote>\n<p style=\"text-align: justify;\">A experi\u00eancia crist\u00e3 funda-se em Jesus Cristo. Nele as pessoas se sentem amadas pelo Pai, e estimuladas a permanecer na caridade (Cf. Jo 15,9). Essa experi\u00eancia cria um esp\u00edrito de abertura aos apelos dos outros. O Cristo ressuscitado, que venceu as for\u00e7as desagregadoras da morte, devolve o ser humano ao terreno da hist\u00f3ria, lugar do amor e do servi\u00e7o. Ele caminha de m\u00e3os dadas com as pessoas que se comprometem na constru\u00e7\u00e3o de uma sociedade mais justa e fraterna. Ide pelo mundo, estarei convosco!, diz Jesus (Cf. Mt 28,19-20).<\/p>\n<p style=\"text-align: justify;\">Uma determinada vis\u00e3o pol\u00edtica, no fundo, tem como paralelo uma certa ideia de Deus. Para Jean-Yves Congar, te\u00f3logo franc\u00eas do s\u00e9culo XX, uma concep\u00e7\u00e3o equivocada de Deus resulta em degrada\u00e7\u00e3o da pol\u00edtica. As distor\u00e7\u00f5es mais recorrentes s\u00e3o o autoritarismo e a resigna\u00e7\u00e3o. Considerando que a f\u00e9 crist\u00e3 \u00e9 trinit\u00e1ria, diz o te\u00f3logo, n\u00e3o se pode esquecer que Deus s\u00f3 \u00e9 Pai em rela\u00e7\u00e3o ao Filho, a quem d\u00e1 tudo, e com quem tem, por conseguinte, uma rela\u00e7\u00e3o fraterna.<\/p>\n<blockquote>\n<p style=\"text-align: justify;\">Portanto, a fraternidade entre o Pai e o Filho, proporcionada pelo Esp\u00edrito, que \u00e9 amor, \u00e9 o fundamento \u00faltimo para a compreens\u00e3o da pol\u00edtica.<\/p>\n<\/blockquote>\n<p style=\"text-align: justify;\">A fraternidade da Sant\u00edssima Trindade \u00e9 a chave de compreens\u00e3o para o exerc\u00edcio do poder como servi\u00e7o, superando o autoritarismo e a manipula\u00e7\u00e3o, e da participa\u00e7\u00e3o na pol\u00edtica como constru\u00e7\u00e3o de um mundo de paz, vencendo o individualismo e a acomoda\u00e7\u00e3o. Com base nisso, sustentamos que a aut\u00eantica experi\u00eancia do encontro com Deus leva a uma maior participa\u00e7\u00e3o na vida da sociedade.<\/p>\n","protected":false},"excerpt":{"rendered":"<p>A miss\u00e3o da Igreja tem alguma coisa a ver com a pol\u00edtica? Em uma palavra, sim. E essa rela\u00e7\u00e3o decorre da f\u00e9. Os crist\u00e3os, em raz\u00e3o da miss\u00e3o que Cristo confiou \u00e0 Igreja, podem e devem contribuir com a sociedade, no grande desafio de construir um mundo mais justo e humano. O crist\u00e3o bota f\u00e9 [&hellip;]<\/p>\n","protected":false},"author":20,"featured_media":17155,"comment_status":"open","ping_status":"open","sticky":false,"template":"","format":"standard","meta":{"_acf_changed":false,"footnotes":""},"categories":[356],"tags":[231,318],"class_list":["post-18004","post","type-post","status-publish","format-standard","has-post-thumbnail","hentry","category-colunista","tag-fe","tag-politica"],"acf":[],"aioseo_notices":[],"_links":{"self":[{"href":"https:\/\/www.paulus.com.br\/portal\/wp-json\/wp\/v2\/posts\/18004","targetHints":{"allow":["GET"]}}],"collection":[{"href":"https:\/\/www.paulus.com.br\/portal\/wp-json\/wp\/v2\/posts"}],"about":[{"href":"https:\/\/www.paulus.com.br\/portal\/wp-json\/wp\/v2\/types\/post"}],"author":[{"embeddable":true,"href":"https:\/\/www.paulus.com.br\/portal\/wp-json\/wp\/v2\/users\/20"}],"replies":[{"embeddable":true,"href":"https:\/\/www.paulus.com.br\/portal\/wp-json\/wp\/v2\/comments?post=18004"}],"version-history":[{"count":1,"href":"https:\/\/www.paulus.com.br\/portal\/wp-json\/wp\/v2\/posts\/18004\/revisions"}],"predecessor-version":[{"id":18005,"href":"https:\/\/www.paulus.com.br\/portal\/wp-json\/wp\/v2\/posts\/18004\/revisions\/18005"}],"wp:featuredmedia":[{"embeddable":true,"href":"https:\/\/www.paulus.com.br\/portal\/wp-json\/wp\/v2\/media\/17155"}],"wp:attachment":[{"href":"https:\/\/www.paulus.com.br\/portal\/wp-json\/wp\/v2\/media?parent=18004"}],"wp:term":[{"taxonomy":"category","embeddable":true,"href":"https:\/\/www.paulus.com.br\/portal\/wp-json\/wp\/v2\/categories?post=18004"},{"taxonomy":"post_tag","embeddable":true,"href":"https:\/\/www.paulus.com.br\/portal\/wp-json\/wp\/v2\/tags?post=18004"}],"curies":[{"name":"wp","href":"https:\/\/api.w.org\/{rel}","templated":true}]}}