{"id":16047,"date":"2014-03-07T08:27:27","date_gmt":"2014-03-07T11:27:27","guid":{"rendered":"http:\/\/www.paulus.com.br\/portal\/?p=16047"},"modified":"2014-03-07T08:28:14","modified_gmt":"2014-03-07T11:28:14","slug":"fraternidade-e-trafico-de-seres-humanos-onde-esta-o-teu-irmao","status":"publish","type":"post","link":"https:\/\/www.paulus.com.br\/portal\/fraternidade-e-trafico-de-seres-humanos-onde-esta-o-teu-irmao\/","title":{"rendered":"Fraternidade e Tr\u00e1fico de Seres Humanos: \u201cOnde est\u00e1 o teu irm\u00e3o?\u201d"},"content":{"rendered":"<p style=\"text-align: justify;\">O tr\u00e1fico de seres humanos cerceia a liberdade e despreza a dignidade das pessoas. \u00c9 inacredit\u00e1vel que isto ainda ocorra no mundo de hoje. O Papa Francisco definiu de forma contundente a natureza degradante dessa pr\u00e1tica: \u201cO tr\u00e1fico de pessoas e\u0301 uma atividade ign\u00f3bil, uma vergonha para as nossas sociedades que se dizem civilizadas!\u201d. A Campanha da Fraternidade deste ano, promovida pela Confer\u00eancia Nacional dos Bispos do Brasil (CNBB), quer chamar a aten\u00e7\u00e3o da sociedade para a gravidade deste problema.<\/p>\n<p style=\"text-align: justify;\">A Organiza\u00e7\u00e3o das Na\u00e7\u00f5es Unidas (ONU) estima que esta pr\u00e1tica criminosa movimenta 32 bilh\u00f5es de d\u00f3lares anuais, em escala mundial. Milh\u00f5es de pessoas s\u00e3o traficadas para a explora\u00e7\u00e3o no trabalho, explora\u00e7\u00e3o sexual, extra\u00e7\u00e3o de \u00f3rg\u00e3os, e crian\u00e7as e adolescentes s\u00e3o destinadas para ado\u00e7\u00f5es ilegais.<\/p>\n<p style=\"text-align: justify;\">A Organiza\u00e7\u00e3o Internacional do Trabalho (OIT) estima que 20,9 milh\u00f5es de pessoas s\u00e3o v\u00edtimas da explora\u00e7\u00e3o do trabalho escravo no mundo. Embora nem todo o trabalho for\u00e7ado resulte do tr\u00e1fico de pessoas, este dado nos ajuda a ter uma percep\u00e7\u00e3o da dimens\u00e3o do problema. Os traficantes se aproveitam da vulnerabilidade econ\u00f4mica das pessoas para alici\u00e1-las. No Brasil, entre os anos de 2003 e 2012, foram registrados 62.802 casos de pessoas em trabalho escravo ou an\u00e1logo ao escravo, sendo que 95% s\u00e3o homens. Muitos s\u00e3o estrangeiros, principalmente peruanos e bolivianos.<\/p>\n<p style=\"text-align: justify;\">Os dados da explora\u00e7\u00e3o sexual, seja no Brasil, seja no mundo, s\u00e3o dif\u00edceis de dimensionar. Mas se sabe que nesta modalidade de tr\u00e1fico humano a maioria s\u00e3o mulheres (85%). A palavra \u201cprostitui\u00e7\u00e3o\u201d faz pesar sobre as v\u00edtimas desta modalidade um duro ju\u00edzo negativo e enorme carga de preconceito.<\/p>\n<p style=\"text-align: justify;\">Na base desta problem\u00e1tica est\u00e1 a vis\u00e3o individualista da vida e a ideologia do lucro sem limites. At\u00e9 mesmo o ser humano \u00e9 visto como uma mercadoria. O tr\u00e1fico humano se insere neste contexto mais amplo de explora\u00e7\u00e3o do homem sobre o homem. \u00c9 importante denunciar esta pr\u00e1tica criminosa, e libertar as pessoas exploradas. Mas tamb\u00e9m \u00e9 necess\u00e1rio superar a cultura da explora\u00e7\u00e3o que est\u00e1 na base da organiza\u00e7\u00e3o econ\u00f4mica do mundo atual.<\/p>\n<p style=\"text-align: justify;\">O capitalismo globalizado tem se mostrado violento. Os 300 maiores bilion\u00e1rios da atualidade fecharam o ano de 2013 com uma fortuna de 3,7 trilh\u00f5es de d\u00f3lares, o equivalente a mais que o dobro do PIB da \u00c1frica. Os 65 brasileiros bilion\u00e1rios acumulam juntos uma fortuna de 191,5 bilh\u00f5es de d\u00f3lares, mais que a metade das reservas do Brasil, que em janeiro somavam 375,4 bilh\u00f5es. S\u00e3o alguns dados de uma l\u00f3gica de domina\u00e7\u00e3o.<\/p>\n<p style=\"text-align: justify;\">O cientista pol\u00edtico Leonardo Sakamoto e o Frei dominicano Xavier Plassat escreveram sobre a nossa responsabilidade no tr\u00e1fico de pessoas. Concordamos com eles quando afirmam que n\u00e3o podemos permanecer indiferentes diante desta pr\u00e1tica criminosa. A pergunta de Deus a Caim \u2013 \u201conde est\u00e1 o teu irm\u00e3o?\u201d \u2013 ainda soa com atualidade. Os autores recordam que Jos\u00e9, filho do patriarca Jac\u00f3, vendido aos eg\u00edpcios pelos seus irm\u00e3os, \u00e9 a primeira v\u00edtima b\u00edblica do tr\u00e1fico de pessoas. Hoje em dia, Jos\u00e9 ainda \u00e9 traficado pelo mercadores de gente, que se empenham em fazer funcionar as engrenagens do sistema econ\u00f4mico injusto. \u201cE, voc\u00ea, que veste as roupas produzidas por tantos Jos\u00e9s, come o fruto de seu trabalho e mora em resid\u00eancias erguidas por suas m\u00e3os, saberia responder onde, neste momento, est\u00e1 teu irm\u00e3o e tua irm\u00e3?\u201d<\/p>\n<p style=\"text-align: justify;\">Neste contexto, a Igreja deve ser sinal de esperan\u00e7a para as pessoas. \u201cE\u0301 para a liberdade que Cristo nos libertou\u201d (Gl 5,1), diz o ap\u00f3stolo Paulo. Na perspectiva do evangelho, \u00e9 livre quem luta pela liberdade dos outros (Lc 9,22-25). Espera-se que a Campanha da Fraternidade contribua no sentido de dar uma forma concreta ao ideal da solidariedade, de modo que a experi\u00eancia da liberdade crist\u00e3 alcance a comunidade humana, e tenha como resultado a liberta\u00e7\u00e3o de todos os que s\u00e3o explorados.<\/p>\n","protected":false},"excerpt":{"rendered":"<p>O tr\u00e1fico de seres humanos cerceia a liberdade e despreza a dignidade das pessoas. \u00c9 inacredit\u00e1vel que isto ainda ocorra no mundo de hoje. O Papa Francisco definiu de forma contundente a natureza degradante dessa pr\u00e1tica: \u201cO tr\u00e1fico de pessoas e\u0301 uma atividade ign\u00f3bil, uma vergonha para as nossas sociedades que se dizem civilizadas!\u201d. A [&hellip;]<\/p>\n","protected":false},"author":20,"featured_media":13572,"comment_status":"open","ping_status":"open","sticky":false,"template":"","format":"standard","meta":{"_acf_changed":false,"footnotes":""},"categories":[356],"tags":[449,450],"class_list":["post-16047","post","type-post","status-publish","format-standard","has-post-thumbnail","hentry","category-colunista","tag-campanha-da-fraternidade","tag-cnbb"],"acf":[],"aioseo_notices":[],"_links":{"self":[{"href":"https:\/\/www.paulus.com.br\/portal\/wp-json\/wp\/v2\/posts\/16047","targetHints":{"allow":["GET"]}}],"collection":[{"href":"https:\/\/www.paulus.com.br\/portal\/wp-json\/wp\/v2\/posts"}],"about":[{"href":"https:\/\/www.paulus.com.br\/portal\/wp-json\/wp\/v2\/types\/post"}],"author":[{"embeddable":true,"href":"https:\/\/www.paulus.com.br\/portal\/wp-json\/wp\/v2\/users\/20"}],"replies":[{"embeddable":true,"href":"https:\/\/www.paulus.com.br\/portal\/wp-json\/wp\/v2\/comments?post=16047"}],"version-history":[{"count":1,"href":"https:\/\/www.paulus.com.br\/portal\/wp-json\/wp\/v2\/posts\/16047\/revisions"}],"predecessor-version":[{"id":16048,"href":"https:\/\/www.paulus.com.br\/portal\/wp-json\/wp\/v2\/posts\/16047\/revisions\/16048"}],"wp:featuredmedia":[{"embeddable":true,"href":"https:\/\/www.paulus.com.br\/portal\/wp-json\/wp\/v2\/media\/13572"}],"wp:attachment":[{"href":"https:\/\/www.paulus.com.br\/portal\/wp-json\/wp\/v2\/media?parent=16047"}],"wp:term":[{"taxonomy":"category","embeddable":true,"href":"https:\/\/www.paulus.com.br\/portal\/wp-json\/wp\/v2\/categories?post=16047"},{"taxonomy":"post_tag","embeddable":true,"href":"https:\/\/www.paulus.com.br\/portal\/wp-json\/wp\/v2\/tags?post=16047"}],"curies":[{"name":"wp","href":"https:\/\/api.w.org\/{rel}","templated":true}]}}