{"id":15995,"date":"2014-03-05T09:27:31","date_gmt":"2014-03-05T12:27:31","guid":{"rendered":"http:\/\/www.paulus.com.br\/portal\/?p=15995"},"modified":"2014-03-05T09:31:38","modified_gmt":"2014-03-05T12:31:38","slug":"etapas-da-historia-de-israel-3","status":"publish","type":"post","link":"https:\/\/www.paulus.com.br\/portal\/etapas-da-historia-de-israel-3\/","title":{"rendered":"Etapas da hist\u00f3ria de Israel"},"content":{"rendered":"<p style=\"text-align: justify;\"><b>3. Fim do regime tribal<\/b><\/p>\n<p style=\"text-align: justify;\">Como vimos, os ju\u00edzes eram encarregados de manter a ordem interna e externa. Convocavam, quando necess\u00e1rio, um ex\u00e9rcito provis\u00f3rio e popular para proteger as tribos dos inimigos externos.<\/p>\n<p style=\"text-align: justify;\">O per\u00edodo tribal durou em torno de 200 anos, mais ou menos de 1200 AC at\u00e9 por volta do ano 1010 AC. S\u00e3o diversas as causas de sua decad\u00eancia. As dificuldades internas e externas cresciam sempre mais. Surgiu assim a necessidade de ter uma organiza\u00e7\u00e3o maior e mais est\u00e1vel para resolver os problemas. O sistema tribal caminhou para a organiza\u00e7\u00e3o de um governo mais forte e centralizado.<\/p>\n<p style=\"text-align: justify;\">Havia os pr\u00f3s e os contra o sistema tribal e o sistema a ser instalado: a monarquia. Percebemos muito bem isso, a partir principalmente do primeiro livro de Samuel.<\/p>\n<p style=\"text-align: justify;\">Diversas s\u00e3o as causas da mudan\u00e7a de sistema organizacional. Come\u00e7avam a existir desigualdades econ\u00f4micas e sociais entre as tribos: umas enriqueciam e outras empobreciam. Isso ajudou para aumentar os conflitos entre elas. As tribos que enriqueceram foram aquelas que mais apoiavam a monarquia.<\/p>\n<p style=\"text-align: justify;\">O \u201cgrupo do boi\u201d era o mais interessado num sistema de defesa mais organizado e permanente. Esse grupo tinha condi\u00e7\u00f5es financeiras para manter o ex\u00e9rcito fixo e pago. O pr\u00f3prio Saul, primeiro rei de Israel, vinha de uma fam\u00edlia abastada e fazia parte desse grupo.<\/p>\n<p style=\"text-align: justify;\">Das causas externas da mudan\u00e7a do sistema tribal para a monarquia, talvez a principal tenha sido a amea\u00e7a dos filisteus. Suas amea\u00e7as se tornavam cada vez mais perigosas. Militarmente eram muito mais preparados para enfrentar o advers\u00e1rio.<\/p>\n<p style=\"text-align: justify;\">Os filhos de Samuel, \u00faltimo juiz, tamb\u00e9m se demonstraram incapazes de dar continuidade ao sistema tribal. Agiram de forma incoerente e eram movidos pela cobi\u00e7a, assim n\u00e3o restou outra alternativa sen\u00e3o ungir um rei para Israel, \u201ccomo as outras na\u00e7\u00f5es\u201d.<\/p>\n<p style=\"text-align: justify;\">O rei era visto como esp\u00e9cie de mediador da ordem, da justi\u00e7a e da vontade de Deus. Ele se encontrava acima do povo e afirmava ser \u201cfilho de Deus\u201d. Era um representante de Deus; portanto, tinha que ser obedecido \u00e0s cegas.<\/p>\n<p style=\"text-align: justify;\">Saul, do \u201cgrupo do boi\u201d, foi escolhido o primeiro rei do novo sistema nascente: a monarquia. Durante seu mandato, n\u00e3o houve propriamente uma uni\u00e3o de todas as tribos, acolhendo-o como rei. Provavelmente n\u00e3o foram todas as tribos que o proclamaram rei. Eleito rei, Saul formou um pequeno ex\u00e9rcito permanente que tinha a fun\u00e7\u00e3o de defender as tribos das amea\u00e7as externas.<\/p>\n<p style=\"text-align: justify;\">Portanto, durante o reinado de Saul, n\u00e3o houve uma monarquia s\u00f3lida, unindo todas as tribos. Ele foi mais um defensor dos interesses das tribos mais pr\u00f3speras. Exerceu a tarefa de transi\u00e7\u00e3o da vida tribal \u00e0 monarquia, pois esta foi se estabelecendo aos poucos.<\/p>\n<p style=\"text-align: justify;\">Por ter sido um rei inexperiente e incapaz, seu reinado foi enfraquecendo e perdendo apoio at\u00e9 das tribos que o apoiaram. N\u00e3o conseguiu resolver os problemas externos com os amonitas e filisteus. Internamente n\u00e3o teve sucesso principalmente com as tribos do sul, teve problemas com Samuel e com o jovem Davi.<\/p>\n","protected":false},"excerpt":{"rendered":"<p>3. Fim do regime tribal Como vimos, os ju\u00edzes eram encarregados de manter a ordem interna e externa. Convocavam, quando necess\u00e1rio, um ex\u00e9rcito provis\u00f3rio e popular para proteger as tribos dos inimigos externos. O per\u00edodo tribal durou em torno de 200 anos, mais ou menos de 1200 AC at\u00e9 por volta do ano 1010 AC. [&hellip;]<\/p>\n","protected":false},"author":16,"featured_media":15556,"comment_status":"open","ping_status":"open","sticky":false,"template":"","format":"standard","meta":{"_acf_changed":false,"footnotes":""},"categories":[356],"tags":[446,445],"class_list":["post-15995","post","type-post","status-publish","format-standard","has-post-thumbnail","hentry","category-colunista","tag-israel","tag-regime-tribal"],"acf":[],"aioseo_notices":[],"_links":{"self":[{"href":"https:\/\/www.paulus.com.br\/portal\/wp-json\/wp\/v2\/posts\/15995","targetHints":{"allow":["GET"]}}],"collection":[{"href":"https:\/\/www.paulus.com.br\/portal\/wp-json\/wp\/v2\/posts"}],"about":[{"href":"https:\/\/www.paulus.com.br\/portal\/wp-json\/wp\/v2\/types\/post"}],"author":[{"embeddable":true,"href":"https:\/\/www.paulus.com.br\/portal\/wp-json\/wp\/v2\/users\/16"}],"replies":[{"embeddable":true,"href":"https:\/\/www.paulus.com.br\/portal\/wp-json\/wp\/v2\/comments?post=15995"}],"version-history":[{"count":2,"href":"https:\/\/www.paulus.com.br\/portal\/wp-json\/wp\/v2\/posts\/15995\/revisions"}],"predecessor-version":[{"id":15999,"href":"https:\/\/www.paulus.com.br\/portal\/wp-json\/wp\/v2\/posts\/15995\/revisions\/15999"}],"wp:featuredmedia":[{"embeddable":true,"href":"https:\/\/www.paulus.com.br\/portal\/wp-json\/wp\/v2\/media\/15556"}],"wp:attachment":[{"href":"https:\/\/www.paulus.com.br\/portal\/wp-json\/wp\/v2\/media?parent=15995"}],"wp:term":[{"taxonomy":"category","embeddable":true,"href":"https:\/\/www.paulus.com.br\/portal\/wp-json\/wp\/v2\/categories?post=15995"},{"taxonomy":"post_tag","embeddable":true,"href":"https:\/\/www.paulus.com.br\/portal\/wp-json\/wp\/v2\/tags?post=15995"}],"curies":[{"name":"wp","href":"https:\/\/api.w.org\/{rel}","templated":true}]}}