{"id":15733,"date":"2014-02-05T10:21:57","date_gmt":"2014-02-05T12:21:57","guid":{"rendered":"http:\/\/www.paulus.com.br\/portal\/?p=15733"},"modified":"2014-02-05T10:21:57","modified_gmt":"2014-02-05T12:21:57","slug":"etapas-da-historia-de-israel-2","status":"publish","type":"post","link":"https:\/\/www.paulus.com.br\/portal\/etapas-da-historia-de-israel-2\/","title":{"rendered":"Etapas da Hist\u00f3ria de Israel"},"content":{"rendered":"<p style=\"text-align: justify;\"><b>2. Forma\u00e7\u00e3o das tribos<\/b><\/p>\n<p style=\"text-align: justify;\">Depois de ter visto os principais e poss\u00edveis grupos formadores do povo de Israel, vamos ver sua organiza\u00e7\u00e3o. Como esses grupos se articularam para se organizarem em tribos. A primeira men\u00e7\u00e3o escrita, n\u00e3o b\u00edblica, da exist\u00eancia de Israel se encontra na Estela de Mernept\u00e1 por volta de 1.200 AC. Nessa \u00e9poca, portanto, j\u00e1 temos um povo conhecido com o nome de Israel. Essa tamb\u00e9m \u00e9 a data-limite para as origens de Israel como povo sedent\u00e1rio nas terras de Cana\u00e3.<\/p>\n<p style=\"text-align: justify;\">Os grupos do artigo anterior tinham algo em comum: eram grupos exclu\u00eddos (hebreus), se opunham \u00e0s cidades-estado (que os escravizavam), fizeram seu \u00eaxodo, isto \u00e9, fugiram da domina\u00e7\u00e3o em que se encontravam; portanto, procuram se livrar da opress\u00e3o, buscando uma vida mais livre e melhor.<\/p>\n<p style=\"text-align: justify;\">Aos poucos, esses grupos foram se organizando em doze tribos, bastante comum entre os povos da \u00e9poca. Isso facilitava a distribui\u00e7\u00e3o de tarefas comunit\u00e1rias. Cana\u00e3 foi partilhada em doze partes, cada uma recebendo o nome de um dos filhos de Jac\u00f3. Como conclus\u00e3o dessa partilha, temos a importante assembleia de Siqu\u00e9m, na qual todas as lideran\u00e7as do povo professaram sua f\u00e9 em Jav\u00e9 (Josu\u00e9 24).<\/p>\n<p style=\"text-align: justify;\">Os levitas n\u00e3o receberam um lote de terra, porque eram encarregados do culto e respons\u00e1veis por manter vivas as tradi\u00e7\u00f5es. O levita era o homem do sagrado, fazia o servi\u00e7o de rezador e vivia dessa fun\u00e7\u00e3o. Assim para conservar o n\u00famero doze, a fam\u00edlia de Jos\u00e9 foi dividida em duas tribos, recebendo os nomes dos dois filhos de Jos\u00e9 (Efraim e Manass\u00e9s).<\/p>\n<p style=\"text-align: justify;\">A organiza\u00e7\u00e3o em doze tribos, como conhecemos hoje, surge mais tarde e simbolizava a totalidade do povo de Israel. A implanta\u00e7\u00e3o do sistema tribal \u00e9 uma proposta de criar nova ordem social, firmada em nome de uma identidade religiosa comum: compromisso com Jav\u00e9. O sistema tribal permite perceber que o povo de Israel comungava ideais s\u00f3lidos de comunidade e coletividade. Mostra tamb\u00e9m que o povo da B\u00edblia buscava uma unidade bem antes do nascimento da monarquia.<\/p>\n<p style=\"text-align: justify;\">Cada tribo era formada por v\u00e1rios cl\u00e3s e estes, por sua vez, por v\u00e1rias fam\u00edlias. Diferentes das cidades-estado, os cl\u00e3s e as tribos implantaram uma sociedade alternativa, solid\u00e1ria. Nela n\u00e3o havia impostos nem trabalho escravo; n\u00e3o possu\u00eda rei nem ex\u00e9rcito profissional. Havia o juiz que tinha a miss\u00e3o de manter a unidade das tribos. Era como que esp\u00e9cie de curinga, quando surgia algum conflito interno ou externo, entrava em a\u00e7\u00e3o.<\/p>\n<p style=\"text-align: justify;\">Os ju\u00edzes eram chefes de guerra, mas atuavam tamb\u00e9m como ju\u00edzes em tempo de paz. Eles faziam a \u201cjusti\u00e7a de Jav\u00e9\u201d. Os mais famosos ju\u00edzes foram Sans\u00e3o, D\u00e9bora e Gede\u00e3o.<\/p>\n","protected":false},"excerpt":{"rendered":"<p>2. Forma\u00e7\u00e3o das tribos Depois de ter visto os principais e poss\u00edveis grupos formadores do povo de Israel, vamos ver sua organiza\u00e7\u00e3o. Como esses grupos se articularam para se organizarem em tribos. A primeira men\u00e7\u00e3o escrita, n\u00e3o b\u00edblica, da exist\u00eancia de Israel se encontra na Estela de Mernept\u00e1 por volta de 1.200 AC. Nessa \u00e9poca, [&hellip;]<\/p>\n","protected":false},"author":16,"featured_media":15556,"comment_status":"open","ping_status":"open","sticky":false,"template":"","format":"standard","meta":{"_acf_changed":false,"footnotes":""},"categories":[356],"tags":[],"class_list":["post-15733","post","type-post","status-publish","format-standard","has-post-thumbnail","hentry","category-colunista"],"acf":[],"aioseo_notices":[],"_links":{"self":[{"href":"https:\/\/www.paulus.com.br\/portal\/wp-json\/wp\/v2\/posts\/15733","targetHints":{"allow":["GET"]}}],"collection":[{"href":"https:\/\/www.paulus.com.br\/portal\/wp-json\/wp\/v2\/posts"}],"about":[{"href":"https:\/\/www.paulus.com.br\/portal\/wp-json\/wp\/v2\/types\/post"}],"author":[{"embeddable":true,"href":"https:\/\/www.paulus.com.br\/portal\/wp-json\/wp\/v2\/users\/16"}],"replies":[{"embeddable":true,"href":"https:\/\/www.paulus.com.br\/portal\/wp-json\/wp\/v2\/comments?post=15733"}],"version-history":[{"count":1,"href":"https:\/\/www.paulus.com.br\/portal\/wp-json\/wp\/v2\/posts\/15733\/revisions"}],"predecessor-version":[{"id":15734,"href":"https:\/\/www.paulus.com.br\/portal\/wp-json\/wp\/v2\/posts\/15733\/revisions\/15734"}],"wp:featuredmedia":[{"embeddable":true,"href":"https:\/\/www.paulus.com.br\/portal\/wp-json\/wp\/v2\/media\/15556"}],"wp:attachment":[{"href":"https:\/\/www.paulus.com.br\/portal\/wp-json\/wp\/v2\/media?parent=15733"}],"wp:term":[{"taxonomy":"category","embeddable":true,"href":"https:\/\/www.paulus.com.br\/portal\/wp-json\/wp\/v2\/categories?post=15733"},{"taxonomy":"post_tag","embeddable":true,"href":"https:\/\/www.paulus.com.br\/portal\/wp-json\/wp\/v2\/tags?post=15733"}],"curies":[{"name":"wp","href":"https:\/\/api.w.org\/{rel}","templated":true}]}}