{"id":15262,"date":"2013-12-09T10:32:14","date_gmt":"2013-12-09T12:32:14","guid":{"rendered":"http:\/\/www.paulus.com.br\/portal\/?p=15262"},"modified":"2013-12-09T10:32:59","modified_gmt":"2013-12-09T12:32:59","slug":"a-palavra-de-deus-no-advento-ano-a","status":"publish","type":"post","link":"https:\/\/www.paulus.com.br\/portal\/a-palavra-de-deus-no-advento-ano-a\/","title":{"rendered":"A Palavra de Deus no Advento \u2013 Ano A"},"content":{"rendered":"<p style=\"text-align: justify;\">Com o primeiro domingo do advento, a Igreja cat\u00f3lica inicia novo ano lit\u00fargico que difere do ano civil. Este \u00e9 o ANO A, dentro do ciclo de tr\u00eas anos (A, B, C), predominando o Evangelho de Mateus, principalmente ao longo do tempo comum.<\/p>\n<p style=\"text-align: justify;\">A presen\u00e7a do profeta Isa\u00edas, o profeta da esperan\u00e7a, \u00e9 marcante nestes quatro domingos do advento, como primeira leitura que traz profecias sobre o Messias que h\u00e1 de vir. Isa\u00edas \u00e9 o profeta que mais fala da vinda do Messias e descobriu a pr\u00f3pria voca\u00e7\u00e3o numa solene celebra\u00e7\u00e3o no templo de Jerusal\u00e9m. As leituras v\u00e3o delineando um itiner\u00e1rio de \u201cconsci\u00eancia progressiva\u201d de salva\u00e7\u00e3o pela vinda daquele que foi prometido. A cidade do Messias, Jerusal\u00e9m, \u00e9 o centro de atra\u00e7\u00e3o para todos os povos; do rebento de uma flor nascer\u00e1 a esperan\u00e7a de quem est\u00e1 desolado e de quem busca a harmonia universal; n\u00e3o h\u00e1 mais motivo para o des\u00e2nimo, pois, com a chegada do Messias, o deserto florir\u00e1, os cegos enxergar\u00e3o e os ouvidos se abrir\u00e3o; o Emanuel, o Deus conosco, ser\u00e1 nossa esperan\u00e7a.<\/p>\n<p style=\"text-align: justify;\">Segunda leitura \u00e9 marcada pela carta de Paulo aos Romanos, com exce\u00e7\u00e3o do terceiro domingo, quando entra um texto da carta de Tiago. A caminhada que a segunda leitura nos convida a fazer passa atrav\u00e9s da vigil\u00e2ncia e da paci\u00eancia, para chegar ao reconhecimento de que Jesus Cristo \u00e9 o Filho de Deus. A salva\u00e7\u00e3o est\u00e1 pr\u00f3xima, por isso, \u00e9 tempo de se vestir com as \u201carmas da luz\u201d; Cristo nos salvou, \u00e9 tempo de se abra\u00e7ar e se acolher mutuamente; \u00e9 tempo de alegre expectativa, Cristo est\u00e1 \u00e0s portas; Jesus, nascido em Bel\u00e9m, \u00e9 descendente da linhagem de Davi e Filho de Deus.<\/p>\n<p style=\"text-align: justify;\">O evangelho, por se tratar do ANO A, \u00e9 o de Mateus. Inicia, no primeiro domingo, fazendo apelo a uma constante vigil\u00e2ncia, pois a qualquer momento pode haver alguma surpresa. Por isso, a vigil\u00e2ncia deve estar acompanhada pelo discernimento que leva a acolher a novidade que chega. No segundo domingo, entra a importante figura de Jo\u00e3o Batista conclamando para a convers\u00e3o, pois o reino dos c\u00e9us est\u00e1 pr\u00f3ximo. O terceiro domingo \u00e9 marcado por um clima de alegria e expectativa: Jesus \u00e9 o Messias esperado? Deus se manifesta em Jesus, como o Deus amoroso e compassivo, anunciando a boa not\u00edcia aos pobres e pequenos. Por fim, no \u00faltimo domingo do advento, Jesus que vem \u00e9 o \u201cDeus conosco\u201d. Em Jesus cumprem-se as profecias do Primeiro Testamento. O nome \u201cJesus\u201d aponta para sua miss\u00e3o: ele \u00e9 o salvador da humanidade.<\/p>\n<p style=\"text-align: justify;\">Observa\u00e7\u00e3o, este ano, o segundo domingo cede o lugar \u00e0 solenidade da Imaculada Concei\u00e7\u00e3o.<\/p>\n","protected":false},"excerpt":{"rendered":"<p>Com o primeiro domingo do advento, a Igreja cat\u00f3lica inicia novo ano lit\u00fargico que difere do ano civil. Este \u00e9 o ANO A, dentro do ciclo de tr\u00eas anos (A, B, C), predominando o Evangelho de Mateus, principalmente ao longo do tempo comum. A presen\u00e7a do profeta Isa\u00edas, o profeta da esperan\u00e7a, \u00e9 marcante nestes [&hellip;]<\/p>\n","protected":false},"author":16,"featured_media":13567,"comment_status":"open","ping_status":"open","sticky":false,"template":"","format":"standard","meta":{"_acf_changed":false,"footnotes":""},"categories":[356],"tags":[],"class_list":["post-15262","post","type-post","status-publish","format-standard","has-post-thumbnail","hentry","category-colunista"],"acf":[],"aioseo_notices":[],"_links":{"self":[{"href":"https:\/\/www.paulus.com.br\/portal\/wp-json\/wp\/v2\/posts\/15262","targetHints":{"allow":["GET"]}}],"collection":[{"href":"https:\/\/www.paulus.com.br\/portal\/wp-json\/wp\/v2\/posts"}],"about":[{"href":"https:\/\/www.paulus.com.br\/portal\/wp-json\/wp\/v2\/types\/post"}],"author":[{"embeddable":true,"href":"https:\/\/www.paulus.com.br\/portal\/wp-json\/wp\/v2\/users\/16"}],"replies":[{"embeddable":true,"href":"https:\/\/www.paulus.com.br\/portal\/wp-json\/wp\/v2\/comments?post=15262"}],"version-history":[{"count":2,"href":"https:\/\/www.paulus.com.br\/portal\/wp-json\/wp\/v2\/posts\/15262\/revisions"}],"predecessor-version":[{"id":15264,"href":"https:\/\/www.paulus.com.br\/portal\/wp-json\/wp\/v2\/posts\/15262\/revisions\/15264"}],"wp:featuredmedia":[{"embeddable":true,"href":"https:\/\/www.paulus.com.br\/portal\/wp-json\/wp\/v2\/media\/13567"}],"wp:attachment":[{"href":"https:\/\/www.paulus.com.br\/portal\/wp-json\/wp\/v2\/media?parent=15262"}],"wp:term":[{"taxonomy":"category","embeddable":true,"href":"https:\/\/www.paulus.com.br\/portal\/wp-json\/wp\/v2\/categories?post=15262"},{"taxonomy":"post_tag","embeddable":true,"href":"https:\/\/www.paulus.com.br\/portal\/wp-json\/wp\/v2\/tags?post=15262"}],"curies":[{"name":"wp","href":"https:\/\/api.w.org\/{rel}","templated":true}]}}