{"id":13805,"date":"2013-10-03T13:41:35","date_gmt":"2013-10-03T16:41:35","guid":{"rendered":"http:\/\/www.paulus.com.br\/portal\/?p=13805"},"modified":"2013-10-03T13:45:08","modified_gmt":"2013-10-03T16:45:08","slug":"evangelizacao-dos-jovens","status":"publish","type":"post","link":"https:\/\/www.paulus.com.br\/portal\/evangelizacao-dos-jovens\/","title":{"rendered":"Evangeliza\u00e7\u00e3o dos jovens"},"content":{"rendered":"<p>Ap\u00f3s o Pentecostes, relata Lucas, Pedro abriu as portas do Cen\u00e1culo e pregou (cf. At 2,14). Cheios do Esp\u00edrito, os ap\u00f3stolos e os demais presentes t\u00eam necessidade de partilhar a f\u00e9, de anunciar aos outros a experi\u00eancia forte que acabaram de fazer. Ent\u00e3o Pedro, de p\u00e9, como um profeta a proclamar um or\u00e1culo ou um juiz a pronunciar uma senten\u00e7a, se p\u00f5e a proclamar \u00e0s multid\u00f5es. Sua palavra n\u00e3o \u00e9 um ensinamento, mas uma partilha: Pedro comunica sua experi\u00eancia de transbordamento, cuja causa n\u00e3o \u00e9 o vinho mas o cumprimento das Escrituras em suas vidas (cf. At 2,14-21). E, logo em seguida, anuncia o centro de tudo: o causador de todo aquele tumulto \u00e9 Jesus de Nazar\u00e9 que foi morto, mas est\u00e1 vivo. \u00c9 para cumprir sua promessa que o Esp\u00edrito fora derramado em abund\u00e2ncia sobre eles (cf. At22-24.32-33).<\/p>\n<p>A prega\u00e7\u00e3o querigm\u00e1tica de Pedro, colocada logo no come\u00e7o do livro dos Atos dos Ap\u00f3stolos, \u00e9 emblem\u00e1tica: Lucas vai dedicar esta obra ao an\u00fancio da boa-nova e, para ele, a boa-nova \u00e9 Jesus. Aquele que passou a vida anunciando a palavra tornou-se agora a palavra anunciada. O evangelizador tornou-se evangelho. Lucas sabe que ningu\u00e9m pode aderir ao Caminho (a Igreja nascente) se n\u00e3o fizer sua experi\u00eancia pessoal com Jesus Cristo, se n\u00e3o aceitar sua pessoa, sua obra, sua miss\u00e3o. Por isso n\u00e3o se cansa de p\u00f4r na boca dos ap\u00f3stolos \u2013 especialmente de Pedro e Paulo \u2013 o an\u00fancio do querigma. Para fazer parte da comunidade crist\u00e3 era preciso ser iniciado na f\u00e9 no Cristo morto e ressuscitado, um apelo que Lucas n\u00e3o desiste de fazer aos seus leitores at\u00e9 o final de seu livro.<\/p>\n<p>Salta aos olhos a l\u00f3gica lucana: o transbordamento do Esp\u00edrito n\u00e3o pode ficar preso dentro das paredes do Cen\u00e1culo. A f\u00e9 precisa ser partilhada e testemunhada ao mundo, pois tal \u00e9 sua preciosidade que seria crueldade neg\u00e1-la a nossos irm\u00e3os e irm\u00e3s ainda n\u00e3o iniciados. Plagiando o esquema lucano, poder\u00edamos dizer que \u00e9 hora de a Igreja abrir suas portas e anunciar aos que est\u00e3o de fora, principalmente nossos jovens \u2013 exclu\u00eddos da vida eclesial pelo desinteresse pela f\u00e9 crist\u00e3 \u2013 a boa-nova que \u00e9 Jesus Cristo. \u00c9 hora de corrigir o <em>d\u00e9fict de inicia\u00e7\u00e3o<\/em> que a f\u00e9 cat\u00f3lica deixou, t\u00e3o acostumada estava com o regime de cristandade que n\u00e3o se empenhou na tarefa da evangeliza\u00e7\u00e3o como deveria. E este \u00e9 um direito n\u00e3o s\u00f3 dos jovens, mas de todos. At\u00e9 mesmo de n\u00f3s que j\u00e1 estamos engajados na vida eclesial, pois a inicia\u00e7\u00e3o jamais termina, afinal Jesus n\u00e3o cessa de nos surpreender com sua presen\u00e7a amorosa e de exigir de n\u00f3s novas respostas de seguimento.<\/p>\n","protected":false},"excerpt":{"rendered":"<p>Ap\u00f3s o Pentecostes, relata Lucas, Pedro abriu as portas do Cen\u00e1culo e pregou (cf. At 2,14). Cheios do Esp\u00edrito, os ap\u00f3stolos e os demais presentes t\u00eam necessidade de partilhar a f\u00e9, de anunciar aos outros a experi\u00eancia forte que acabaram de fazer. Ent\u00e3o Pedro, de p\u00e9, como um profeta a proclamar um or\u00e1culo ou um [&hellip;]<\/p>\n","protected":false},"author":17,"featured_media":13568,"comment_status":"open","ping_status":"open","sticky":false,"template":"","format":"standard","meta":{"_acf_changed":false,"footnotes":""},"categories":[356],"tags":[385,317],"class_list":["post-13805","post","type-post","status-publish","format-standard","has-post-thumbnail","hentry","category-colunista","tag-evangelizacao","tag-jovens"],"acf":[],"aioseo_notices":[],"_links":{"self":[{"href":"https:\/\/www.paulus.com.br\/portal\/wp-json\/wp\/v2\/posts\/13805","targetHints":{"allow":["GET"]}}],"collection":[{"href":"https:\/\/www.paulus.com.br\/portal\/wp-json\/wp\/v2\/posts"}],"about":[{"href":"https:\/\/www.paulus.com.br\/portal\/wp-json\/wp\/v2\/types\/post"}],"author":[{"embeddable":true,"href":"https:\/\/www.paulus.com.br\/portal\/wp-json\/wp\/v2\/users\/17"}],"replies":[{"embeddable":true,"href":"https:\/\/www.paulus.com.br\/portal\/wp-json\/wp\/v2\/comments?post=13805"}],"version-history":[{"count":0,"href":"https:\/\/www.paulus.com.br\/portal\/wp-json\/wp\/v2\/posts\/13805\/revisions"}],"wp:featuredmedia":[{"embeddable":true,"href":"https:\/\/www.paulus.com.br\/portal\/wp-json\/wp\/v2\/media\/13568"}],"wp:attachment":[{"href":"https:\/\/www.paulus.com.br\/portal\/wp-json\/wp\/v2\/media?parent=13805"}],"wp:term":[{"taxonomy":"category","embeddable":true,"href":"https:\/\/www.paulus.com.br\/portal\/wp-json\/wp\/v2\/categories?post=13805"},{"taxonomy":"post_tag","embeddable":true,"href":"https:\/\/www.paulus.com.br\/portal\/wp-json\/wp\/v2\/tags?post=13805"}],"curies":[{"name":"wp","href":"https:\/\/api.w.org\/{rel}","templated":true}]}}