{"id":13625,"date":"2013-08-21T15:17:49","date_gmt":"2013-08-21T18:17:49","guid":{"rendered":"http:\/\/www.paulus.com.br\/portal\/?p=13625"},"modified":"2013-10-03T13:29:25","modified_gmt":"2013-10-03T16:29:25","slug":"a-comunicacao-na-igreja-nao-e-apenas-um-setor-ou-pastoral","status":"publish","type":"post","link":"https:\/\/www.paulus.com.br\/portal\/a-comunicacao-na-igreja-nao-e-apenas-um-setor-ou-pastoral\/","title":{"rendered":"A comunica\u00e7\u00e3o na Igreja n\u00e3o \u00e9 apenas um setor ou pastoral"},"content":{"rendered":"<p>\u201cO que vimos e ouvimos,n\u00f3s agora lhes anunciamos para que voc\u00eas estejam em comunh\u00e3o conosco. Essas coisas escrevemos para voc\u00eas, afim de que a nossa alegria seja completa\u201d (1Jo 1,3-4).<\/p>\n<p>A Igreja, seguindo o mandatode seuSenhor, Jesus Cristo, tem se esfor\u00e7ado desdeo in\u00edcioparacontinuarde maneiraeficazo an\u00fancioda boa not\u00edcia, a chegadado reinoe suaamplia\u00e7\u00e3ona humanidade, a transforma\u00e7\u00e3o do mundo, paraquetodostenham vidaemabund\u00e2ncia. Desdeos ap\u00f3stolos, dentreos quaisse destacou s\u00e3oPaulo pelousodos meiosdispon\u00edveisemseutempoparao an\u00fancioda boa-nova \u2013 as estradasdo imp\u00e9rioromanoe as cartas\u2013, a Igrejatem procurado as melhoresmaneirasde comunicar-se. Tamb\u00e9mna atualidade, sobretudoa partirdo decreto<em>Inter Mirifica<\/em> (sobre osmeios decomunica\u00e7\u00e3o) doVaticano II,elaprocura p\u00f4r-se aomesmopasso dosmeiosatuais,em aceleradaevolu\u00e7\u00e3o.Comunicarbem oevangelho, noentanto,comoj\u00e1 lembrava oap\u00f3stolo dosgentios,n\u00e3o significa amoldar-se \u00e0sestruturas destemundo; \u00e9necess\u00e1ria a transforma\u00e7\u00e3opela renova\u00e7\u00e3o damentalidade, distinguindoqual \u00e9 avontade deDeus (Rm 12,2).<\/p>\n<p>Acomunica\u00e7\u00e3odoevangelho,ent\u00e3o,precisateroperenecuidadoden\u00e3oseigualar\u00e0comunica\u00e7\u00e3oatual, decar\u00e1termercantilistae muitasvezesvoltada adarsuporteaestruturasecon\u00f4micas epol\u00edticasinjustas, colaborandoparaaaliena\u00e7\u00e3o, amanipula\u00e7\u00e3oe a \u201cforma\u00e7\u00e3o\u201d deconsci\u00eanciassegundointeresseseobjetivosinconfessos.<\/p>\n<p>Aocontr\u00e1rio, acomunica\u00e7\u00e3ocrist\u00e3 atuaparaajudaraimpregnarasociedadedevaloreshumanoseevang\u00e9licos,paraquehajamaisvidae a \u201cnossaalegriasejacompleta\u201d: aalegriadeanunciare aalegriadequemconsegueempreenderumencontroverdadeiroeprofundocomoCristo, transformando-se e dandomaiorsentido\u00e0vidapessoalesocial.<\/p>\n<p>Por isso \u00e9 importante, al\u00e9m do cuidado de promover os meios de comunica\u00e7\u00e3o cat\u00f3licos e a pastoral da comunica\u00e7\u00e3o, n\u00e3o considerar a comunica\u00e7\u00e3o uma atividade setorial, a ser somada a todas aquelas que a obra da evangeliza\u00e7\u00e3o j\u00e1 inclui. Segundo a instru\u00e7\u00e3o pastoral <em>Aetatis Novae<\/em>, n. 17, \u201ca comunica\u00e7\u00e3o tem, de fato, uma contribui\u00e7\u00e3o a dar a todos os aspectos da miss\u00e3o da Igreja\u201d, todas as suas dimens\u00f5es e estruturas precisam comunicar-se.<\/p>\n","protected":false},"excerpt":{"rendered":"<p>\u201cO que vimos e ouvimos,n\u00f3s agora lhes anunciamos para que voc\u00eas estejam em comunh\u00e3o conosco. Essas coisas escrevemos para voc\u00eas, afim de que a nossa alegria seja completa\u201d (1Jo 1,3-4). A Igreja, seguindo o mandatode seuSenhor, Jesus Cristo, tem se esfor\u00e7ado desdeo in\u00edcioparacontinuarde maneiraeficazo an\u00fancioda boa not\u00edcia, a chegadado reinoe suaamplia\u00e7\u00e3ona humanidade, a transforma\u00e7\u00e3o do [&hellip;]<\/p>\n","protected":false},"author":15,"featured_media":13569,"comment_status":"open","ping_status":"open","sticky":false,"template":"","format":"standard","meta":{"_acf_changed":false,"footnotes":""},"categories":[356],"tags":[163,369],"class_list":["post-13625","post","type-post","status-publish","format-standard","has-post-thumbnail","hentry","category-colunista","tag-igreja","tag-omunhao"],"acf":[],"aioseo_notices":[],"_links":{"self":[{"href":"https:\/\/www.paulus.com.br\/portal\/wp-json\/wp\/v2\/posts\/13625","targetHints":{"allow":["GET"]}}],"collection":[{"href":"https:\/\/www.paulus.com.br\/portal\/wp-json\/wp\/v2\/posts"}],"about":[{"href":"https:\/\/www.paulus.com.br\/portal\/wp-json\/wp\/v2\/types\/post"}],"author":[{"embeddable":true,"href":"https:\/\/www.paulus.com.br\/portal\/wp-json\/wp\/v2\/users\/15"}],"replies":[{"embeddable":true,"href":"https:\/\/www.paulus.com.br\/portal\/wp-json\/wp\/v2\/comments?post=13625"}],"version-history":[{"count":0,"href":"https:\/\/www.paulus.com.br\/portal\/wp-json\/wp\/v2\/posts\/13625\/revisions"}],"wp:featuredmedia":[{"embeddable":true,"href":"https:\/\/www.paulus.com.br\/portal\/wp-json\/wp\/v2\/media\/13569"}],"wp:attachment":[{"href":"https:\/\/www.paulus.com.br\/portal\/wp-json\/wp\/v2\/media?parent=13625"}],"wp:term":[{"taxonomy":"category","embeddable":true,"href":"https:\/\/www.paulus.com.br\/portal\/wp-json\/wp\/v2\/categories?post=13625"},{"taxonomy":"post_tag","embeddable":true,"href":"https:\/\/www.paulus.com.br\/portal\/wp-json\/wp\/v2\/tags?post=13625"}],"curies":[{"name":"wp","href":"https:\/\/api.w.org\/{rel}","templated":true}]}}