{"id":13620,"date":"2013-08-21T14:55:18","date_gmt":"2013-08-21T17:55:18","guid":{"rendered":"http:\/\/www.paulus.com.br\/portal\/?p=13620"},"modified":"2013-10-03T13:25:50","modified_gmt":"2013-10-03T16:25:50","slug":"juventude-em-pauta","status":"publish","type":"post","link":"https:\/\/www.paulus.com.br\/portal\/juventude-em-pauta\/","title":{"rendered":"Juventude em pauta"},"content":{"rendered":"<p>Quando sentimos ainda o sopro refrigerador do Esp\u00edrito, que pairou sobre as praias de Copacabana por ocasi\u00e3o da 28\u00aa Jornada Mundial da Juventude que reuniu e reanimou a vida de milh\u00f5es de pessoas, parece oportuno n\u00e3o deixar esse frescor passar sem colocar em pauta a catequese dos jovens.<\/p>\n<p>A catequese juvenil se apresenta como verdadeiro desafio em nossos dias. Mas n\u00e3o foi preciso muita coisa para agradar nossos jovens nestes dias de JMJ. Bastou somar um pouco do carisma, da bondade e da simpatia de nosso Papa com uma dose de alegria, de descontra\u00e7\u00e3o, de naturalidade, de espiritualidade, de bom gosto e muita m\u00fasica, mais uma boa por\u00e7\u00e3o da Palavra de Deus, proclamada em ambiente de f\u00e9 e festa, para que nossos jovens se sentissem atra\u00eddos para o seguimento de Jesus Cristo. N\u00e3o foi preciso dissimular o evangelho como pensam alguns, que os jovens de hoje n\u00e3o est\u00e3o prontos para a radicalidade e o esc\u00e2ndalo da cruz. N\u00e3o foi preciso adocicar a boa-nova para que ela fosse digerida por eles, pois os jovens s\u00e3o tamb\u00e9m capazes do Deus de Jesus Cristo e est\u00e3o sedentos de sua palavra que faz viver. N\u00e3o foi preciso transformar a celebra\u00e7\u00e3o em show, mas foi preciso rejeitar uma liturgia engessada e sem vigor que muitas vezes insistimos em manter em nossas comunidades. N\u00e3o foi preciso ambiente confort\u00e1vel, cadeiras almofadadas, nem templo liturgicamente projetado. Bastaram as areias de Copacabana como banco e o c\u00e9u estranhamente cinzento e chuvoso do RJ como teto. O que falou mais alto n\u00e3o foi a beleza do templo, nem a rubrica lit\u00fargica seguida \u00e0 risca, mas a alegria de estarem reunidos em nome da f\u00e9 e de poderem se expressar com gestos, palavras, can\u00e7\u00f5es, abra\u00e7os, sil\u00eancios, preces&#8230; Se o conforto n\u00e3o foi quesito indispens\u00e1vel, foi, no entanto, indispens\u00e1vel abrir m\u00e3o do conforto de nossas Igrejas e secretarias, abandonar nossas burocracias, romper protocolos e acolher o novo, para que os jovens pudessem se sentir Igreja e ter desejo de celebrar sua f\u00e9 novamente. Certamente que a pastoral juvenil ou a catequese de jovens n\u00e3o poder\u00e1 viver s\u00f3 disso; tem muito trabalho pela frente. Mas em terras brasileiras, onde por muito tempo se rejeitou \u2013 em nome da fidelidade aos pobres \u2013 todo tipo de pastoral ou movimento que se permitisse uma manifesta\u00e7\u00e3o mais efusiva do Esp\u00edrito, parece oportuno real\u00e7ar que a JMJ no RJ quebrou paradigmas e ajudou a vencer preconceitos. Resta agora saber se nossas comunidades eclesiais v\u00e3o saber aproveitar em seu seio os jovens que o Esp\u00edrito de Pentecostes congregou em Copacabana. Basta um pouco de conhecimento das Escrituras para ver que, em Atos dos Ap\u00f3stolos, n\u00e3o foram suficientes o derramamento do Esp\u00edrito e a prega\u00e7\u00e3o de Pedro. Se a Igreja n\u00e3o se organizasse para acolher os que a palavra congregou, de nada adiantaria toda a obra do Esp\u00edrito.<\/p>\n","protected":false},"excerpt":{"rendered":"<p>Quando sentimos ainda o sopro refrigerador do Esp\u00edrito, que pairou sobre as praias de Copacabana por ocasi\u00e3o da 28\u00aa Jornada Mundial da Juventude que reuniu e reanimou a vida de milh\u00f5es de pessoas, parece oportuno n\u00e3o deixar esse frescor passar sem colocar em pauta a catequese dos jovens. A catequese juvenil se apresenta como verdadeiro [&hellip;]<\/p>\n","protected":false},"author":17,"featured_media":13568,"comment_status":"open","ping_status":"open","sticky":false,"template":"","format":"standard","meta":{"_acf_changed":false,"footnotes":""},"categories":[356],"tags":[626,366],"class_list":["post-13620","post","type-post","status-publish","format-standard","has-post-thumbnail","hentry","category-colunista","tag-catequese","tag-jornada-mundial"],"acf":[],"aioseo_notices":[],"_links":{"self":[{"href":"https:\/\/www.paulus.com.br\/portal\/wp-json\/wp\/v2\/posts\/13620","targetHints":{"allow":["GET"]}}],"collection":[{"href":"https:\/\/www.paulus.com.br\/portal\/wp-json\/wp\/v2\/posts"}],"about":[{"href":"https:\/\/www.paulus.com.br\/portal\/wp-json\/wp\/v2\/types\/post"}],"author":[{"embeddable":true,"href":"https:\/\/www.paulus.com.br\/portal\/wp-json\/wp\/v2\/users\/17"}],"replies":[{"embeddable":true,"href":"https:\/\/www.paulus.com.br\/portal\/wp-json\/wp\/v2\/comments?post=13620"}],"version-history":[{"count":0,"href":"https:\/\/www.paulus.com.br\/portal\/wp-json\/wp\/v2\/posts\/13620\/revisions"}],"wp:featuredmedia":[{"embeddable":true,"href":"https:\/\/www.paulus.com.br\/portal\/wp-json\/wp\/v2\/media\/13568"}],"wp:attachment":[{"href":"https:\/\/www.paulus.com.br\/portal\/wp-json\/wp\/v2\/media?parent=13620"}],"wp:term":[{"taxonomy":"category","embeddable":true,"href":"https:\/\/www.paulus.com.br\/portal\/wp-json\/wp\/v2\/categories?post=13620"},{"taxonomy":"post_tag","embeddable":true,"href":"https:\/\/www.paulus.com.br\/portal\/wp-json\/wp\/v2\/tags?post=13620"}],"curies":[{"name":"wp","href":"https:\/\/api.w.org\/{rel}","templated":true}]}}