{"id":13369,"date":"2013-09-19T11:49:09","date_gmt":"2013-09-19T14:49:09","guid":{"rendered":"http:\/\/www.paulus.com.br\/institucional\/?p=13369"},"modified":"2013-09-27T14:28:28","modified_gmt":"2013-09-27T17:28:28","slug":"obra-da-paulus-concorre-ao-premio-jabuti-2013","status":"publish","type":"post","link":"https:\/\/www.paulus.com.br\/portal\/obra-da-paulus-concorre-ao-premio-jabuti-2013\/","title":{"rendered":"Obra da PAULUS concorre ao Pr\u00eamio Jabuti 2013"},"content":{"rendered":"<p><img loading=\"lazy\" decoding=\"async\" class=\"alignleft size-full wp-image-13370\" src=\"http:\/\/www.paulus.com.br\/institucional\/wp-content\/uploads\/2013\/09\/04-04-2013-03-18-17_logo-jabuti-2013.jpg\" alt=\"\" width=\"250\" height=\"189\" srcset=\"https:\/\/www.paulus.com.br\/portal\/wp-content\/uploads\/2013\/09\/04-04-2013-03-18-17_logo-jabuti-2013.jpg 250w, https:\/\/www.paulus.com.br\/portal\/wp-content\/uploads\/2013\/09\/04-04-2013-03-18-17_logo-jabuti-2013-120x90.jpg 120w, https:\/\/www.paulus.com.br\/portal\/wp-content\/uploads\/2013\/09\/04-04-2013-03-18-17_logo-jabuti-2013-90x68.jpg 90w, https:\/\/www.paulus.com.br\/portal\/wp-content\/uploads\/2013\/09\/04-04-2013-03-18-17_logo-jabuti-2013-180x136.jpg 180w\" sizes=\"auto, (max-width: 250px) 100vw, 250px\" \/>A C\u00e2mara Brasileira do Livro (CBL) divulgou esta semana, dia 17\/09, em S\u00e3o Paulo, o resultado da apura\u00e7\u00e3o da primeira fase do <strong>55\u00ba Pr\u00eamio Jabuti<\/strong>. Foram apontados dez finalistas para cada uma das 27 categorias da premia\u00e7\u00e3o.<\/p>\n<p>E a PAULUS concorre com o livro <strong><em>Hist\u00f3ria do Jornalismo: Itiner\u00e1rio cr\u00edtico, mosaico contextual<\/em><\/strong>, de Jos\u00e9 Marques de Melo, na Categoria Melhor Livro de Comunica\u00e7\u00e3o. O resultado final ser\u00e1 no dia 17 de outubro de 2013.<\/p>\n<p>Jos\u00e9 Marques de Melo, um dos nomes mais respeitados da \u00e1rea, aborda nessa obra a disciplina \u201cHist\u00f3ria do Jornalismo\u201d, situando os futuros praticantes do of\u00edcio diante dos acontecimentos que marcam o desenvolvimento das rotinas de produ\u00e7\u00e3o. Estimula as novas gera\u00e7\u00f5es a registrarem com fidedignidade os fatos de interesse p\u00fablico, contextualizando-os no tempo e no espa\u00e7o.<\/p>\n<p>O Pr\u00eamio Jabuti \u00e9 o mais importante pr\u00eamio liter\u00e1rio do Brasil. Foi lan\u00e7ado em 1959, idealizado por Edgar Cavalheiro, quando presidia a C\u00e2mara Brasileira do Livro.<\/p>\n<p>&nbsp;<\/p>\n<p>Ang\u00e9lica Feliciano<br \/>\nAssessoria de Imprensa<br \/>\nDepto. Marketing<br \/>\nassessor.imprensa@paulus.com.br<br \/>\n(11) 5087-3734 \/(11) 98986-9733<br \/>\nRua Francisco Cruz, 229 \u2013 Vila Mariana<\/p>\n","protected":false},"excerpt":{"rendered":"<p>A C\u00e2mara Brasileira do Livro (CBL) divulgou esta semana, dia 17\/09, em S\u00e3o Paulo, o resultado da apura\u00e7\u00e3o da primeira fase do 55\u00ba Pr\u00eamio Jabuti. Foram apontados dez finalistas para cada uma das 27 categorias da premia\u00e7\u00e3o. E a PAULUS concorre com o livro Hist\u00f3ria do Jornalismo: Itiner\u00e1rio cr\u00edtico, mosaico contextual, de Jos\u00e9 Marques de [&hellip;]<\/p>\n","protected":false},"author":3,"featured_media":13370,"comment_status":"open","ping_status":"open","sticky":false,"template":"","format":"standard","meta":{"_acf_changed":false,"footnotes":""},"categories":[15],"tags":[355,620,354,109,353],"class_list":["post-13369","post","type-post","status-publish","format-standard","has-post-thumbnail","hentry","category-noticias","tag-cbl","tag-comunicacao","tag-jabuti","tag-jornalismo","tag-premio"],"acf":[],"aioseo_notices":[],"_links":{"self":[{"href":"https:\/\/www.paulus.com.br\/portal\/wp-json\/wp\/v2\/posts\/13369","targetHints":{"allow":["GET"]}}],"collection":[{"href":"https:\/\/www.paulus.com.br\/portal\/wp-json\/wp\/v2\/posts"}],"about":[{"href":"https:\/\/www.paulus.com.br\/portal\/wp-json\/wp\/v2\/types\/post"}],"author":[{"embeddable":true,"href":"https:\/\/www.paulus.com.br\/portal\/wp-json\/wp\/v2\/users\/3"}],"replies":[{"embeddable":true,"href":"https:\/\/www.paulus.com.br\/portal\/wp-json\/wp\/v2\/comments?post=13369"}],"version-history":[{"count":0,"href":"https:\/\/www.paulus.com.br\/portal\/wp-json\/wp\/v2\/posts\/13369\/revisions"}],"wp:featuredmedia":[{"embeddable":true,"href":"https:\/\/www.paulus.com.br\/portal\/wp-json\/wp\/v2\/media\/13370"}],"wp:attachment":[{"href":"https:\/\/www.paulus.com.br\/portal\/wp-json\/wp\/v2\/media?parent=13369"}],"wp:term":[{"taxonomy":"category","embeddable":true,"href":"https:\/\/www.paulus.com.br\/portal\/wp-json\/wp\/v2\/categories?post=13369"},{"taxonomy":"post_tag","embeddable":true,"href":"https:\/\/www.paulus.com.br\/portal\/wp-json\/wp\/v2\/tags?post=13369"}],"curies":[{"name":"wp","href":"https:\/\/api.w.org\/{rel}","templated":true}]}}