{"id":1220,"date":"2012-07-11T19:26:20","date_gmt":"2012-07-11T19:26:20","guid":{"rendered":"http:\/\/www.paulus.com.br\/institucional\/?p=1220"},"modified":"2012-08-01T12:53:16","modified_gmt":"2012-08-01T15:53:16","slug":"agencia-eclesia-paulus-edita-obra-oficial-para-o-ano-da-fe","status":"publish","type":"post","link":"https:\/\/www.paulus.com.br\/portal\/agencia-eclesia-paulus-edita-obra-oficial-para-o-ano-da-fe\/","title":{"rendered":"Ag\u00eancia Eclesia: PAULUS edita obra oficial para o Ano da F\u00e9"},"content":{"rendered":"<p>Lisboa, 01 ago 2012 (Ecclesia) \u2013<strong>\u00a0<\/strong>A obra \u2018Viver o Ano da F\u00e9\u2019, preparada pelo Conselho Pontif\u00edcio para a Promo\u00e7\u00e3o da Nova Evangeliza\u00e7\u00e3o (CPPNE), da Santa S\u00e9, vai ser editada em portugu\u00eas pela PAULUS Editora no m\u00eas de outubro.<\/p>\n<p>\u201cEste importante contributo para a viv\u00eancia do ano f\u00e9 ser\u00e1 lan\u00e7ado integrado numa cole\u00e7\u00e3o de aprofundamento sobre a f\u00e9 e representa uma grande iniciativa pastoral para o Ano da F\u00e9\u201d, assinala a editora, em comunicado enviado hoje \u00e0 Ag\u00eancia ECCLESIA.<\/p>\n<p>O pref\u00e1cio da obra \u00e9 assinado por D. Rino Fisichella, presidente do CPPNE, segundo o qual o livro, um \u201c<a href=\"http:\/\/www.annusfidei.va\/content\/novaevangelizatio\/it\/annus-fidei\/riflessioni-teologiche-e-pastorali.html\" target=\"_blank\">subs\u00eddio pastoral<\/a>\u201d, se apresenta \u201ccomo um instrumento simples e sint\u00e9tico que percorre de novo as quatro indica\u00e7\u00f5es propostas: confessar, celebrar, viver e rezar.\u201d<\/p>\n","protected":false},"excerpt":{"rendered":"<p>Lisboa, 01 ago 2012 (Ecclesia) \u2013\u00a0A obra \u2018Viver o Ano da F\u00e9\u2019, preparada pelo Conselho Pontif\u00edcio para a Promo\u00e7\u00e3o da Nova Evangeliza\u00e7\u00e3o (CPPNE), da Santa S\u00e9, vai ser editada em portugu\u00eas pela PAULUS Editora no m\u00eas de outubro. \u201cEste importante contributo para a viv\u00eancia do ano f\u00e9 ser\u00e1 lan\u00e7ado integrado numa cole\u00e7\u00e3o de aprofundamento sobre [&hellip;]<\/p>\n","protected":false},"author":57,"featured_media":0,"comment_status":"closed","ping_status":"closed","sticky":false,"template":"","format":"standard","meta":{"_acf_changed":false,"footnotes":""},"categories":[54],"tags":[],"class_list":["post-1220","post","type-post","status-publish","format-standard","hentry","category-clipping"],"acf":[],"aioseo_notices":[],"_links":{"self":[{"href":"https:\/\/www.paulus.com.br\/portal\/wp-json\/wp\/v2\/posts\/1220","targetHints":{"allow":["GET"]}}],"collection":[{"href":"https:\/\/www.paulus.com.br\/portal\/wp-json\/wp\/v2\/posts"}],"about":[{"href":"https:\/\/www.paulus.com.br\/portal\/wp-json\/wp\/v2\/types\/post"}],"author":[{"embeddable":true,"href":"https:\/\/www.paulus.com.br\/portal\/wp-json\/wp\/v2\/users\/57"}],"replies":[{"embeddable":true,"href":"https:\/\/www.paulus.com.br\/portal\/wp-json\/wp\/v2\/comments?post=1220"}],"version-history":[{"count":0,"href":"https:\/\/www.paulus.com.br\/portal\/wp-json\/wp\/v2\/posts\/1220\/revisions"}],"wp:attachment":[{"href":"https:\/\/www.paulus.com.br\/portal\/wp-json\/wp\/v2\/media?parent=1220"}],"wp:term":[{"taxonomy":"category","embeddable":true,"href":"https:\/\/www.paulus.com.br\/portal\/wp-json\/wp\/v2\/categories?post=1220"},{"taxonomy":"post_tag","embeddable":true,"href":"https:\/\/www.paulus.com.br\/portal\/wp-json\/wp\/v2\/tags?post=1220"}],"curies":[{"name":"wp","href":"https:\/\/api.w.org\/{rel}","templated":true}]}}